{"id":46248,"date":"2026-04-30T00:33:48","date_gmt":"2026-04-30T06:33:48","guid":{"rendered":"https:\/\/www.adobecar.com\/?p=46248"},"modified":"2026-03-18T00:45:28","modified_gmt":"2026-03-18T06:45:28","slug":"sustainable-travel-in-costa-rica","status":"publish","type":"post","link":"https:\/\/www.adobecar.com\/en\/corporate-social-responsibility\/sustainable-travel-in-costa-rica\/","title":{"rendered":"Sustainable Travel in Costa Rica: Choosing a Car Rental That Makes a Real Difference"},"content":{"rendered":"\n<p>Costa Rica is one of the world\u2019s most recognized destinations for sustainable travel. Known for its lush rainforests, rich biodiversity, and strong commitment to conservation, the country attracts travelers who want more than just a vacation.&nbsp;<\/p>\n\n\n\n<p>Eco-conscious travelers come to Costa Rica looking for experiences that align with their values, from protecting national parks to supporting local communities.<\/p>\n\n\n\n<p>For many visitors, renting a car is essential to explore the country freely. But for travelers who care about their environmental impact, the question is no longer <em>whether<\/em> to rent a car, but <strong>which car rental choice best aligns with sustainable travel values<\/strong>.<\/p>\n\n\n\n<p>This is where choosing a responsible, local, and eco-focused company becomes part of the journey itself.<\/p>\n\n\n\n<h2 class=\"wp-block-heading\" id=\"h-sustainable-travel-and-car-rental-in-costa-rica\"><strong>Sustainable Travel and Car Rental in Costa Rica<\/strong><\/h2>\n\n\n\n<p>Sustainable travel in Costa Rica goes far beyond visiting protected areas. It is about understanding how each travel decision contributes to the country\u2019s environmental and social balance. Transportation plays a key role in this equation.<\/p>\n\n\n\n<p>A <strong>sustainable travel Costa Rica car rental<\/strong> experience considers:<\/p>\n\n\n\n<ul class=\"wp-block-list\">\n<li>Environmental responsibility.<br><\/li>\n\n\n\n<li>Support for local economies.<br><\/li>\n\n\n\n<li>Long-term conservation initiatives.<br><\/li>\n\n\n\n<li>Ethical business practices.<br><\/li>\n<\/ul>\n\n\n\n<p>Eco-conscious travelers increasingly seek rental companies that actively contribute to positive impact, not just those that use sustainability as a marketing message.<\/p>\n\n\n\n<h2 class=\"wp-block-heading\" id=\"h-eco-tourism-and-the-importance-of-local-car-rental-companies\"><strong>Eco Tourism and the Importance of Local Car Rental Companies<\/strong><\/h2>\n\n\n\n<p>Eco tourism in Costa Rica is deeply connected to local communities. When travelers choose local providers, their spending stays within the country and helps fund conservation, employment, and community development.<\/p>\n\n\n\n<p>Choosing a <strong>local car rental company<\/strong> supports:<\/p>\n\n\n\n<ul class=\"wp-block-list\">\n<li>Costa Rican jobs.<br><\/li>\n\n\n\n<li>Community-based initiatives.<br><\/li>\n\n\n\n<li>Local environmental programs.<br><\/li>\n\n\n\n<li>A deeper understanding of Costa Rica\u2019s ecosystems and needs.<br><\/li>\n<\/ul>\n\n\n\n<p>This local perspective is essential for authentic eco tourism Costa Rica car rental experiences.<\/p>\n\n\n\n<h2 class=\"wp-block-heading\" id=\"h-adobe-rent-a-car-a-local-company-with-a-national-commitment\"><strong>Adobe Rent a Car: A Local Company with a National Commitment<\/strong><\/h2>\n\n\n\n<p><strong>Adobe Rent a Car<\/strong> was founded in Costa Rica and continues to operate exclusively within the country. While its structure has evolved over time, its operations, people, and values remain deeply rooted in Costa Rican communities.<\/p>\n\n\n\n<p>Every Adobe office is staffed by local residents, people who live in the area, understand the environment, and care deeply about protecting it. This local presence allows sustainability to be practiced not only at a corporate level, but also through everyday actions within each community.<\/p>\n\n\n\n<h2 class=\"wp-block-heading\" id=\"h-carbon-neutral-travel-in-costa-rica-more-than-a-label\"><strong>Carbon Neutral Travel in Costa Rica: More Than a Label<\/strong><\/h2>\n\n\n\n<p>Carbon neutral travel in Costa Rica is not a trend, it is a national goal. Adobe aligns with this vision by actively measuring, reducing, and offsetting its carbon footprint.<\/p>\n\n\n\n<p>Adobe\u2019s sustainability approach includes:<\/p>\n\n\n\n<ul class=\"wp-block-list\">\n<li>Measuring operational emissions.<br><\/li>\n\n\n\n<li>Implementing efficiency improvements.<br><\/li>\n\n\n\n<li>Offsetting emissions through certified programs.<br><\/li>\n<\/ul>\n\n\n\n<p>This commitment allows travelers to choose a <strong>carbon neutral travel<\/strong> option when renting a car, helping reduce the environmental impact of transportation during their trip.<\/p>\n\n\n\n<h2 class=\"wp-block-heading\" id=\"h-eco-certified-car-rental-in-costa-rica\"><strong>Eco-Certified Car Rental in Costa Rica<\/strong><\/h2>\n\n\n\n<p>Eco-certification matters to travelers who want accountability and transparency. Adobe is recognized as an <strong>eco certified car rental Costa Rica<\/strong> company through national sustainability programs.<\/p>\n\n\n\n<p>These certifications reflect:<\/p>\n\n\n\n<ul class=\"wp-block-list\">\n<li>Responsible resource management.<br><\/li>\n\n\n\n<li>Environmental policies applied across operations.<br><\/li>\n\n\n\n<li>Continuous improvement toward sustainability goals.<br><\/li>\n<\/ul>\n\n\n\n<p>For eco-conscious travelers, certifications provide reassurance that sustainability claims are backed by verified practices.<\/p>\n\n\n\n<h2 class=\"wp-block-heading\" id=\"h-reforestation-programs-and-environmental-partnerships\"><strong>Reforestation Programs and Environmental Partnerships<\/strong><\/h2>\n\n\n\n<p>Costa Rica\u2019s commitment to reforestation is a cornerstone of its environmental success. Adobe actively supports <strong>reforestation programs Costa Rica tourism<\/strong> initiatives by collaborating with environmental organizations and conservation projects.<\/p>\n\n\n\n<p>Through partnerships and logistical support, Adobe contributes to:<\/p>\n\n\n\n<ul class=\"wp-block-list\">\n<li>Reforestation projects.<br><\/li>\n\n\n\n<li>Habitat protection.<br><\/li>\n\n\n\n<li>Long-term ecosystem restoration.<br><\/li>\n<\/ul>\n\n\n\n<p>These efforts help ensure that tourism continues to benefit Costa Rica\u2019s natural heritage for generations to come.<\/p>\n\n\n\n<h2 class=\"wp-block-heading\" id=\"h-supporting-wildlife-conservation-the-sloth-institute-and-beyond\"><strong>Supporting Wildlife Conservation: The Sloth Institute and Beyond<\/strong><\/h2>\n\n\n\n<p>One of Adobe\u2019s most meaningful sustainability initiatives is its support for wildlife conservation. A recent example includes providing a fully branded vehicle to <strong>The Sloth Institute<\/strong>, an organization dedicated to protecting and rehabilitating sloths in Costa Rica.<\/p>\n\n\n\n<p>Sloths are an important symbol of Costa Rica\u2019s biodiversity and have recently gained national recognition as a cultural and environmental icon. Supporting organizations that protect native wildlife reflects Adobe\u2019s belief that sustainability includes caring for the species that define the country.<\/p>\n\n\n\n<h2 class=\"wp-block-heading\" id=\"h-sustainability-at-the-community-level\"><strong>Sustainability at the Community Level<\/strong><\/h2>\n\n\n\n<p>Adobe\u2019s sustainability initiatives are not limited to large national programs. Each office actively participates in local efforts driven by its own team members.<\/p>\n\n\n\n<p>These initiatives include:<\/p>\n\n\n\n<ul class=\"wp-block-list\">\n<li>Recycling campaigns.<br><\/li>\n\n\n\n<li>Local clean-up efforts.<br><\/li>\n\n\n\n<li>Support for indigenous communities.<br><\/li>\n\n\n\n<li>Collaboration with women-led organizations.<br><\/li>\n\n\n\n<li>Toy and donation drives for children during the holiday season.<br><\/li>\n<\/ul>\n\n\n\n<p>By empowering local offices to lead community projects, Adobe ensures that sustainability remains personal, relevant, and impactful.<\/p>\n\n\n\n<h2 class=\"wp-block-heading\" id=\"h-responding-in-times-of-need\"><strong>Responding in Times of Need<\/strong><\/h2>\n\n\n\n<p>Sustainability also means standing with communities during difficult moments. When natural disasters or emergencies occur, Adobe mobilizes its resources to support affected areas.<\/p>\n\n\n\n<p>This includes:<\/p>\n\n\n\n<ul class=\"wp-block-list\">\n<li>Using offices as collection centers.<br><\/li>\n\n\n\n<li>Transporting supplies.<br><\/li>\n\n\n\n<li>Assisting rescue or relief efforts.<br><\/li>\n<\/ul>\n\n\n\n<p>These actions demonstrate that sustainability is not only environmental, but also social and human.<\/p>\n\n\n\n<h2 class=\"wp-block-heading\" id=\"h-a-culture-of-care-people-animals-and-the-environment\"><strong>A Culture of Care: People, Animals, and the Environment<\/strong><\/h2>\n\n\n\n<p>Adobe\u2019s commitment to sustainability is visible even in everyday office life. Many locations are home to rescued animals\u2014dogs and cats that are cared for, sterilized, and embraced as part of the Adobe family.<\/p>\n\n\n\n<p>These animals symbolize the company\u2019s belief that environmental responsibility starts with compassion and respect for all living beings.<\/p>\n\n\n\n<h2 class=\"wp-block-heading\" id=\"h-why-eco-conscious-travelers-choose-adobe\"><strong>Why Eco-Conscious Travelers Choose Adobe<\/strong><\/h2>\n\n\n\n<p>For travelers seeking the <strong>best car rental for eco tourism in Costa Rica<\/strong>, Adobe offers a combination of values that go beyond transportation:<\/p>\n\n\n\n<ul class=\"wp-block-list\">\n<li>A local company supporting local communities.<br><\/li>\n\n\n\n<li>Certified sustainability and carbon neutrality efforts.<br><\/li>\n\n\n\n<li>Active participation in reforestation and conservation.<br><\/li>\n\n\n\n<li>Ethical business practices.<br><\/li>\n\n\n\n<li>A genuine commitment to positive impact.<br><\/li>\n<\/ul>\n\n\n\n<p>Choosing Adobe means aligning your travel choices with Costa Rica\u2019s environmental philosophy.<\/p>\n\n\n\n<h2 class=\"wp-block-heading\" id=\"h-making-your-travel-choice-count\"><strong>Making Your Travel Choice Count<\/strong><\/h2>\n\n\n\n<p>Every travel decision has an impact. When eco-conscious travelers choose a rental car provider that prioritizes sustainability, they contribute to:<\/p>\n\n\n\n<ul class=\"wp-block-list\">\n<li>Conservation of national parks.<br><\/li>\n\n\n\n<li>Protection of biodiversity.<br><\/li>\n\n\n\n<li>Strengthening of local communities.<br><\/li>\n\n\n\n<li>Long-term environmental stewardship.<br><\/li>\n<\/ul>\n\n\n\n<p>A <strong>sustainable travel Costa Rica car rental<\/strong> choice is not just about transportation\u2014it is about participating in a shared responsibility.<\/p>\n\n\n\n<h2 class=\"wp-block-heading\" id=\"h-frequently-asked-questions-about-sustainable-car-rental-in-costa-rica\"><strong>Frequently Asked Questions About Sustainable Car Rental in Costa Rica<\/strong><\/h2>\n\n\n\n<div class=\"schema-faq wp-block-yoast-faq-block\"><div class=\"schema-faq-section\" id=\"faq-question-1773815723195\"><strong class=\"schema-faq-question\"><strong>What is sustainable travel in Costa Rica?<\/strong><\/strong> <p class=\"schema-faq-answer\">Sustainable travel in Costa Rica means traveling in a way that protects nature and supports local communities. This includes choosing responsible transportation, supporting local businesses, and reducing environmental impact whenever possible.<\/p> <\/div> <div class=\"schema-faq-section\" id=\"faq-question-1773815735986\"><strong class=\"schema-faq-question\"><strong>How does a sustainable travel Costa Rica car rental work?<\/strong><\/strong> <p class=\"schema-faq-answer\">A sustainable travel Costa Rica car rental focuses on reducing emissions, supporting conservation projects, and operating responsibly within local communities. The goal is to balance travel freedom with environmental care.<\/p> <\/div> <div class=\"schema-faq-section\" id=\"faq-question-1773815742381\"><strong class=\"schema-faq-question\"><strong>Is eco tourism Costa Rica car rental different from regular car rental?<\/strong><\/strong> <p class=\"schema-faq-answer\">Yes. Eco tourism Costa Rica car rental places more importance on sustainability. This includes carbon neutral practices, eco certification, and partnerships with environmental organizations.<\/p> <\/div> <div class=\"schema-faq-section\" id=\"faq-question-1773815749035\"><strong class=\"schema-faq-question\"><strong>Why does car rental matter for eco tourism in Costa Rica?<\/strong><\/strong> <p class=\"schema-faq-answer\">Transportation creates emissions. Choosing an eco-friendly car rental Costa Rica option helps reduce environmental impact and supports conservation efforts linked to tourism.<\/p> <\/div> <div class=\"schema-faq-section\" id=\"faq-question-1773815754962\"><strong class=\"schema-faq-question\"><strong>What does carbon neutral travel Costa Rica mean?<\/strong><\/strong> <p class=\"schema-faq-answer\">Carbon neutral travel Costa Rica means that emissions produced by operations are measured and offset through certified programs. This helps balance the environmental impact of travel activities.<\/p> <\/div> <div class=\"schema-faq-section\" id=\"faq-question-1773815763476\"><strong class=\"schema-faq-question\"><strong>Is Adobe Rent a Car carbon neutral?<\/strong><\/strong> <p class=\"schema-faq-answer\">Yes. <strong>Adobe Rent a Car<\/strong> follows carbon neutral practices and works to measure, reduce, and offset its emissions as part of its sustainability initiatives.<\/p> <\/div> <div class=\"schema-faq-section\" id=\"faq-question-1773815770717\"><strong class=\"schema-faq-question\"><strong>What are Adobe sustainability initiatives?<\/strong><\/strong> <p class=\"schema-faq-answer\">Adobe sustainability initiatives include carbon neutrality certification, eco certification, support for reforestation projects, recycling programs, and community-based environmental actions.<\/p> <\/div> <div class=\"schema-faq-section\" id=\"faq-question-1773815776685\"><strong class=\"schema-faq-question\"><strong>How does eco certified car rental Costa Rica benefit travelers?<\/strong><\/strong> <p class=\"schema-faq-answer\">Eco certified car rental Costa Rica gives travelers confidence that the company follows verified environmental standards and responsible business practices.<\/p> <\/div> <div class=\"schema-faq-section\" id=\"faq-question-1773815783237\"><strong class=\"schema-faq-question\"><strong>Does Adobe support reforestation programs in Costa Rica?<\/strong><\/strong> <p class=\"schema-faq-answer\">Yes. Adobe supports reforestation programs Costa Rica tourism initiatives through partnerships, logistics support, and long-term conservation efforts.<\/p> <\/div> <div class=\"schema-faq-section\" id=\"faq-question-1773815788911\"><strong class=\"schema-faq-question\"><strong>Why are reforestation programs important for tourism?<\/strong><\/strong> <p class=\"schema-faq-answer\">Reforestation programs help protect forests, wildlife habitats, and water sources. These natural resources are essential for eco tourism in Costa Rica.<\/p> <\/div> <div class=\"schema-faq-section\" id=\"faq-question-1773815794331\"><strong class=\"schema-faq-question\"><strong>How does renting from a local company support sustainability?<\/strong><\/strong> <p class=\"schema-faq-answer\">Local companies reinvest in Costa Rica. They create jobs, support communities, and fund environmental programs. This strengthens sustainable travel in Costa Rica.<\/p> <\/div> <div class=\"schema-faq-section\" id=\"faq-question-1773815812849\"><strong class=\"schema-faq-question\"><strong>Is Adobe a local car rental company?<\/strong><\/strong> <p class=\"schema-faq-answer\">Yes. Adobe operates exclusively in Costa Rica. Its offices are staffed by local residents who understand the environment and community needs.<\/p> <\/div> <div class=\"schema-faq-section\" id=\"faq-question-1773815818712\"><strong class=\"schema-faq-question\"><strong>How does Adobe support local communities?<\/strong><\/strong> <p class=\"schema-faq-answer\">Adobe offices support local initiatives such as recycling campaigns, community clean-ups, indigenous projects, women-led organizations, and social aid programs.<\/p> <\/div> <div class=\"schema-faq-section\" id=\"faq-question-1773815825195\"><strong class=\"schema-faq-question\"><strong>Does Adobe help during natural disasters?<\/strong><\/strong> <p class=\"schema-faq-answer\">Yes. When natural disasters occur, Adobe mobilizes resources to help affected communities. This includes transportation of supplies and local support.<\/p> <\/div> <div class=\"schema-faq-section\" id=\"faq-question-1773815836122\"><strong class=\"schema-faq-question\"><strong>What role do customers play in sustainability?<\/strong><\/strong> <p class=\"schema-faq-answer\">When travelers choose eco tourism Costa Rica car rental options, they help fund sustainability initiatives and support responsible tourism.<\/p> <\/div> <div class=\"schema-faq-section\" id=\"faq-question-1773815846998\"><strong class=\"schema-faq-question\"><strong>Is choosing a sustainable car rental more expensive?<\/strong><\/strong> <p class=\"schema-faq-answer\">Not necessarily. Sustainable practices focus on long-term impact, efficiency, and responsibility. The value comes from supporting conservation and local economies.<\/p> <\/div> <div class=\"schema-faq-section\" id=\"faq-question-1773815858260\"><strong class=\"schema-faq-question\"><strong>Why do eco conscious travelers prefer local rental companies?<\/strong><\/strong> <p class=\"schema-faq-answer\">Eco conscious travelers prefer local companies because their spending stays in the country and supports real environmental and social projects.<\/p> <\/div> <div class=\"schema-faq-section\" id=\"faq-question-1773815879658\"><strong class=\"schema-faq-question\"><strong>Does Adobe support wildlife conservation?<\/strong><\/strong> <p class=\"schema-faq-answer\">Yes. Adobe supports wildlife conservation projects, including organizations dedicated to protecting native species such as sloths.<\/p> <\/div> <div class=\"schema-faq-section\" id=\"faq-question-1773815887038\"><strong class=\"schema-faq-question\"><strong>Why are sloths important in Costa Rica?<\/strong><\/strong> <p class=\"schema-faq-answer\">Sloths are part of Costa Rica\u2019s biodiversity and natural heritage. Protecting them helps preserve ecosystems and promotes responsible tourism.<\/p> <\/div> <div class=\"schema-faq-section\" id=\"faq-question-1773815898033\"><strong class=\"schema-faq-question\"><strong>How does Adobe combine business and sustainability?<\/strong><\/strong> <p class=\"schema-faq-answer\">Adobe integrates sustainability into daily operations, employee initiatives, and long-term environmental strategies.<\/p> <\/div> <div class=\"schema-faq-section\" id=\"faq-question-1773815906126\"><strong class=\"schema-faq-question\"><strong>Can renting a car still be eco friendly?<\/strong><\/strong> <p class=\"schema-faq-answer\">Yes. Renting a car can be eco friendly when done with a company that prioritizes sustainability, carbon neutrality, and conservation efforts.<\/p> <\/div> <div class=\"schema-faq-section\" id=\"faq-question-1773815912480\"><strong class=\"schema-faq-question\"><strong>What makes Adobe one of the best car rental for eco tourism in Costa Rica?<\/strong><\/strong> <p class=\"schema-faq-answer\">Adobe combines local operations, eco certification, carbon neutral travel Costa Rica practices, and active community involvement.<\/p> <\/div> <div class=\"schema-faq-section\" id=\"faq-question-1773815919821\"><strong class=\"schema-faq-question\"><strong>How does sustainable car rental create positive impact?<\/strong><\/strong> <p class=\"schema-faq-answer\">It supports reforestation projects, reduces emissions, strengthens local economies, and protects natural resources.<\/p> <\/div> <div class=\"schema-faq-section\" id=\"faq-question-1773815925803\"><strong class=\"schema-faq-question\"><strong>Is sustainable travel important for national parks?<\/strong><\/strong> <p class=\"schema-faq-answer\">Yes. National parks depend on responsible tourism to fund conservation and protect Costa Rica\u2019s lush rainforests and wildlife.<\/p> <\/div> <div class=\"schema-faq-section\" id=\"faq-question-1773815932048\"><strong class=\"schema-faq-question\"><strong>How can travelers make responsible choices when renting a car?<\/strong><\/strong> <p class=\"schema-faq-answer\">By choosing an eco certified car rental Costa Rica company that supports sustainability initiatives and local communities.<\/p> <\/div> <div class=\"schema-faq-section\" id=\"faq-question-1773815942923\"><strong class=\"schema-faq-question\"><strong>Does Adobe support science based targets?<\/strong><\/strong> <p class=\"schema-faq-answer\">Adobe aligns its sustainability goals with measurable environmental targets to ensure continuous improvement.<\/p> <\/div> <div class=\"schema-faq-section\" id=\"faq-question-1773815948576\"><strong class=\"schema-faq-question\"><strong>Why is commitment to sustainability important in tourism?<\/strong><\/strong> <p class=\"schema-faq-answer\">Commitment to sustainability ensures that tourism benefits future generations while protecting Costa Rica\u2019s natural beauty.<\/p> <\/div> <\/div>\n\n\n\n<p><\/p>\n","protected":false},"excerpt":{"rendered":"<p>Costa Rica is one of the world\u2019s most recognized destinations for sustainable travel. Known for its lush rainforests, rich biodiversity, and strong commitment to conservation, the country attracts travelers who want more than just a vacation.&nbsp; Eco-conscious travelers come to Costa Rica looking for experiences that align with their values,&#8230;<\/p>\n","protected":false},"author":14,"featured_media":46249,"comment_status":"open","ping_status":"closed","sticky":false,"template":"","format":"standard","meta":{"_acf_changed":false,"_kad_post_transparent":"","_kad_post_title":"","_kad_post_layout":"","_kad_post_sidebar_id":"","_kad_post_content_style":"","_kad_post_vertical_padding":"","_kad_post_feature":"","_kad_post_feature_position":"","_kad_post_header":false,"_kad_post_footer":false,"_kad_post_classname":"","footnotes":""},"categories":[1987],"tags":[],"class_list":["post-46248","post","type-post","status-publish","format-standard","has-post-thumbnail","hentry","category-corporate-social-responsibility"],"acf":[],"yoast_head":"<!-- This site is optimized with the Yoast SEO Premium plugin v26.9 (Yoast SEO v26.9) - https:\/\/yoast.com\/product\/yoast-seo-premium-wordpress\/ -->\n<title>Sustainable Travel Costa Rica Car Rental Guide<\/title>\n<meta name=\"description\" content=\"Sustainable travel Costa Rica guide. Choose eco friendly car rental options that support conservation and local communities.\" \/>\n<meta name=\"robots\" content=\"index, follow, max-snippet:-1, max-image-preview:large, max-video-preview:-1\" \/>\n<link rel=\"canonical\" href=\"https:\/\/www.adobecar.com\/en\/corporate-social-responsibility\/sustainable-travel-in-costa-rica\/\" \/>\n<meta property=\"og:locale\" content=\"en_US\" \/>\n<meta property=\"og:type\" content=\"article\" \/>\n<meta property=\"og:title\" content=\"Sustainable Travel Costa Rica Car Rental Guide\" \/>\n<meta property=\"og:description\" content=\"Sustainable travel Costa Rica guide. Choose eco friendly car rental options that support conservation, local communities, and responsible tourism.\" \/>\n<meta property=\"og:url\" content=\"https:\/\/www.adobecar.com\/en\/corporate-social-responsibility\/sustainable-travel-in-costa-rica\/\" \/>\n<meta property=\"og:site_name\" content=\"Adobe Rent a Car\" \/>\n<meta property=\"article:publisher\" content=\"https:\/\/www.facebook.com\/adobecar\" \/>\n<meta property=\"article:author\" content=\"https:\/\/www.facebook.com\/adobecar\" \/>\n<meta property=\"article:published_time\" content=\"2026-04-30T06:33:48+00:00\" \/>\n<meta property=\"og:image\" content=\"https:\/\/www.adobecar.com\/wp-content\/uploads\/2026\/03\/young-happy-woman-with-backpack-raising-hand-enjoy-with-nature-scaled.jpg\" \/>\n\t<meta property=\"og:image:width\" content=\"2560\" \/>\n\t<meta property=\"og:image:height\" content=\"1709\" \/>\n\t<meta property=\"og:image:type\" content=\"image\/jpeg\" \/>\n<meta name=\"author\" content=\"Equipo Editorial Adobe\" \/>\n<meta name=\"twitter:card\" content=\"summary_large_image\" \/>\n<meta name=\"twitter:title\" content=\"Sustainable Travel Costa Rica Car Rental Guide\" \/>\n<meta name=\"twitter:description\" content=\"Sustainable travel Costa Rica guide. Choose eco friendly car rental options that support conservation, local communities, and responsible tourism.\" \/>\n<meta name=\"twitter:creator\" content=\"@adoberentacar\" \/>\n<meta name=\"twitter:site\" content=\"@adoberentacar\" \/>\n<script type=\"application\/ld+json\" class=\"yoast-schema-graph\">{\"@context\":\"https:\/\/schema.org\",\"@graph\":[{\"@type\":\"Article\",\"@id\":\"https:\/\/www.adobecar.com\/en\/corporate-social-responsibility\/sustainable-travel-in-costa-rica\/#article\",\"isPartOf\":{\"@id\":\"https:\/\/www.adobecar.com\/en\/corporate-social-responsibility\/sustainable-travel-in-costa-rica\/\"},\"author\":{\"name\":\"Equipo Editorial Adobe\",\"@id\":\"https:\/\/www.adobecar.com\/en\/#\/schema\/person\/4db1275e4083aaa8ee357523f0d8b5a4\"},\"headline\":\"Sustainable Travel in Costa Rica: Choosing a Car Rental That Makes a Real Difference\",\"datePublished\":\"2026-04-30T06:33:48+00:00\",\"mainEntityOfPage\":{\"@id\":\"https:\/\/www.adobecar.com\/en\/corporate-social-responsibility\/sustainable-travel-in-costa-rica\/\"},\"wordCount\":1775,\"commentCount\":0,\"publisher\":{\"@id\":\"https:\/\/www.adobecar.com\/en\/#organization\"},\"image\":{\"@id\":\"https:\/\/www.adobecar.com\/en\/corporate-social-responsibility\/sustainable-travel-in-costa-rica\/#primaryimage\"},\"thumbnailUrl\":\"https:\/\/www.adobecar.com\/wp-content\/uploads\/2026\/03\/young-happy-woman-with-backpack-raising-hand-enjoy-with-nature-scaled.jpg\",\"articleSection\":[\"Corporate Social Responsibility\"],\"inLanguage\":\"en-US\",\"potentialAction\":[{\"@type\":\"CommentAction\",\"name\":\"Comment\",\"target\":[\"https:\/\/www.adobecar.com\/en\/corporate-social-responsibility\/sustainable-travel-in-costa-rica\/#respond\"]}]},{\"@type\":[\"WebPage\",\"FAQPage\"],\"@id\":\"https:\/\/www.adobecar.com\/en\/corporate-social-responsibility\/sustainable-travel-in-costa-rica\/\",\"url\":\"https:\/\/www.adobecar.com\/en\/corporate-social-responsibility\/sustainable-travel-in-costa-rica\/\",\"name\":\"Sustainable Travel Costa Rica Car Rental Guide\",\"isPartOf\":{\"@id\":\"https:\/\/www.adobecar.com\/en\/#website\"},\"primaryImageOfPage\":{\"@id\":\"https:\/\/www.adobecar.com\/en\/corporate-social-responsibility\/sustainable-travel-in-costa-rica\/#primaryimage\"},\"image\":{\"@id\":\"https:\/\/www.adobecar.com\/en\/corporate-social-responsibility\/sustainable-travel-in-costa-rica\/#primaryimage\"},\"thumbnailUrl\":\"https:\/\/www.adobecar.com\/wp-content\/uploads\/2026\/03\/young-happy-woman-with-backpack-raising-hand-enjoy-with-nature-scaled.jpg\",\"datePublished\":\"2026-04-30T06:33:48+00:00\",\"description\":\"Sustainable travel Costa Rica guide. Choose eco friendly car rental options that support conservation and local communities.\",\"breadcrumb\":{\"@id\":\"https:\/\/www.adobecar.com\/en\/corporate-social-responsibility\/sustainable-travel-in-costa-rica\/#breadcrumb\"},\"mainEntity\":[{\"@id\":\"https:\/\/www.adobecar.com\/en\/corporate-social-responsibility\/sustainable-travel-in-costa-rica\/#faq-question-1773815723195\"},{\"@id\":\"https:\/\/www.adobecar.com\/en\/corporate-social-responsibility\/sustainable-travel-in-costa-rica\/#faq-question-1773815735986\"},{\"@id\":\"https:\/\/www.adobecar.com\/en\/corporate-social-responsibility\/sustainable-travel-in-costa-rica\/#faq-question-1773815742381\"},{\"@id\":\"https:\/\/www.adobecar.com\/en\/corporate-social-responsibility\/sustainable-travel-in-costa-rica\/#faq-question-1773815749035\"},{\"@id\":\"https:\/\/www.adobecar.com\/en\/corporate-social-responsibility\/sustainable-travel-in-costa-rica\/#faq-question-1773815754962\"},{\"@id\":\"https:\/\/www.adobecar.com\/en\/corporate-social-responsibility\/sustainable-travel-in-costa-rica\/#faq-question-1773815763476\"},{\"@id\":\"https:\/\/www.adobecar.com\/en\/corporate-social-responsibility\/sustainable-travel-in-costa-rica\/#faq-question-1773815770717\"},{\"@id\":\"https:\/\/www.adobecar.com\/en\/corporate-social-responsibility\/sustainable-travel-in-costa-rica\/#faq-question-1773815776685\"},{\"@id\":\"https:\/\/www.adobecar.com\/en\/corporate-social-responsibility\/sustainable-travel-in-costa-rica\/#faq-question-1773815783237\"},{\"@id\":\"https:\/\/www.adobecar.com\/en\/corporate-social-responsibility\/sustainable-travel-in-costa-rica\/#faq-question-1773815788911\"},{\"@id\":\"https:\/\/www.adobecar.com\/en\/corporate-social-responsibility\/sustainable-travel-in-costa-rica\/#faq-question-1773815794331\"},{\"@id\":\"https:\/\/www.adobecar.com\/en\/corporate-social-responsibility\/sustainable-travel-in-costa-rica\/#faq-question-1773815812849\"},{\"@id\":\"https:\/\/www.adobecar.com\/en\/corporate-social-responsibility\/sustainable-travel-in-costa-rica\/#faq-question-1773815818712\"},{\"@id\":\"https:\/\/www.adobecar.com\/en\/corporate-social-responsibility\/sustainable-travel-in-costa-rica\/#faq-question-1773815825195\"},{\"@id\":\"https:\/\/www.adobecar.com\/en\/corporate-social-responsibility\/sustainable-travel-in-costa-rica\/#faq-question-1773815836122\"},{\"@id\":\"https:\/\/www.adobecar.com\/en\/corporate-social-responsibility\/sustainable-travel-in-costa-rica\/#faq-question-1773815846998\"},{\"@id\":\"https:\/\/www.adobecar.com\/en\/corporate-social-responsibility\/sustainable-travel-in-costa-rica\/#faq-question-1773815858260\"},{\"@id\":\"https:\/\/www.adobecar.com\/en\/corporate-social-responsibility\/sustainable-travel-in-costa-rica\/#faq-question-1773815879658\"},{\"@id\":\"https:\/\/www.adobecar.com\/en\/corporate-social-responsibility\/sustainable-travel-in-costa-rica\/#faq-question-1773815887038\"},{\"@id\":\"https:\/\/www.adobecar.com\/en\/corporate-social-responsibility\/sustainable-travel-in-costa-rica\/#faq-question-1773815898033\"},{\"@id\":\"https:\/\/www.adobecar.com\/en\/corporate-social-responsibility\/sustainable-travel-in-costa-rica\/#faq-question-1773815906126\"},{\"@id\":\"https:\/\/www.adobecar.com\/en\/corporate-social-responsibility\/sustainable-travel-in-costa-rica\/#faq-question-1773815912480\"},{\"@id\":\"https:\/\/www.adobecar.com\/en\/corporate-social-responsibility\/sustainable-travel-in-costa-rica\/#faq-question-1773815919821\"},{\"@id\":\"https:\/\/www.adobecar.com\/en\/corporate-social-responsibility\/sustainable-travel-in-costa-rica\/#faq-question-1773815925803\"},{\"@id\":\"https:\/\/www.adobecar.com\/en\/corporate-social-responsibility\/sustainable-travel-in-costa-rica\/#faq-question-1773815932048\"},{\"@id\":\"https:\/\/www.adobecar.com\/en\/corporate-social-responsibility\/sustainable-travel-in-costa-rica\/#faq-question-1773815942923\"},{\"@id\":\"https:\/\/www.adobecar.com\/en\/corporate-social-responsibility\/sustainable-travel-in-costa-rica\/#faq-question-1773815948576\"}],\"inLanguage\":\"en-US\",\"potentialAction\":[{\"@type\":\"ReadAction\",\"target\":[\"https:\/\/www.adobecar.com\/en\/corporate-social-responsibility\/sustainable-travel-in-costa-rica\/\"]}]},{\"@type\":\"ImageObject\",\"inLanguage\":\"en-US\",\"@id\":\"https:\/\/www.adobecar.com\/en\/corporate-social-responsibility\/sustainable-travel-in-costa-rica\/#primaryimage\",\"url\":\"https:\/\/www.adobecar.com\/wp-content\/uploads\/2026\/03\/young-happy-woman-with-backpack-raising-hand-enjoy-with-nature-scaled.jpg\",\"contentUrl\":\"https:\/\/www.adobecar.com\/wp-content\/uploads\/2026\/03\/young-happy-woman-with-backpack-raising-hand-enjoy-with-nature-scaled.jpg\",\"width\":2560,\"height\":1709,\"caption\":\"Young happy woman with backpack raising hand enjoy with nature. Woman travel concept.\"},{\"@type\":\"BreadcrumbList\",\"@id\":\"https:\/\/www.adobecar.com\/en\/corporate-social-responsibility\/sustainable-travel-in-costa-rica\/#breadcrumb\",\"itemListElement\":[{\"@type\":\"ListItem\",\"position\":1,\"name\":\"Car Rental\",\"item\":\"https:\/\/www.adobecar.com\/en\/\"},{\"@type\":\"ListItem\",\"position\":2,\"name\":\"Corporate Social Responsibility\",\"item\":\"https:\/\/www.adobecar.com\/en\/category\/corporate-social-responsibility\/\"},{\"@type\":\"ListItem\",\"position\":3,\"name\":\"Sustainable Travel in Costa Rica: Choosing a Car Rental That Makes a Real Difference\"}]},{\"@type\":\"WebSite\",\"@id\":\"https:\/\/www.adobecar.com\/en\/#website\",\"url\":\"https:\/\/www.adobecar.com\/en\/\",\"name\":\"Adobe Rent a Car\",\"description\":\"The largest local car rental company in Costa Rica with best value, since 1990. The company focuses in delivering a complete service at a reasonable price, with no hidden fees and total protection, zero deductible insurance available. Rent a Car with Us!\",\"publisher\":{\"@id\":\"https:\/\/www.adobecar.com\/en\/#organization\"},\"alternateName\":\"ARC Car Rental\",\"potentialAction\":[{\"@type\":\"SearchAction\",\"target\":{\"@type\":\"EntryPoint\",\"urlTemplate\":\"https:\/\/www.adobecar.com\/en\/?s={search_term_string}\"},\"query-input\":{\"@type\":\"PropertyValueSpecification\",\"valueRequired\":true,\"valueName\":\"search_term_string\"}}],\"inLanguage\":\"en-US\"},{\"@type\":[\"Organization\",\"Place\"],\"@id\":\"https:\/\/www.adobecar.com\/en\/#organization\",\"name\":\"Adobe Rent a Car\",\"url\":\"https:\/\/www.adobecar.com\/en\/\",\"logo\":{\"@type\":\"ImageObject\",\"inLanguage\":\"en-US\",\"@id\":\"https:\/\/www.adobecar.com\/en\/#\/schema\/logo\/image\/\",\"url\":\"https:\/\/www.adobecar.com\/wp-content\/uploads\/2020\/05\/logo-ARC.png\",\"contentUrl\":\"https:\/\/www.adobecar.com\/wp-content\/uploads\/2020\/05\/logo-ARC.png\",\"width\":170,\"height\":78,\"caption\":\"Adobe Rent a Car\"},\"image\":{\"@id\":\"https:\/\/www.adobecar.com\/en\/#\/schema\/logo\/image\/\"},\"sameAs\":[\"https:\/\/www.facebook.com\/adobecar\",\"https:\/\/x.com\/adoberentacar\",\"https:\/\/www.instagram.com\/adoberentacar\/\",\"https:\/\/www.linkedin.com\/company\/adobe-rent-a-car\",\"https:\/\/www.youtube.com\/channel\/UCPJfc3n7wu_7aR8H_nd6VJQ\"],\"mainEntityOfPage\":{\"@id\":\"https:\/\/www.adobecar.com\/en\/corporate-social-responsibility\/sustainable-travel-in-costa-rica\/\"}},{\"@type\":\"Person\",\"@id\":\"https:\/\/www.adobecar.com\/en\/#\/schema\/person\/4db1275e4083aaa8ee357523f0d8b5a4\",\"name\":\"Equipo Editorial Adobe\",\"image\":{\"@type\":\"ImageObject\",\"inLanguage\":\"en-US\",\"@id\":\"https:\/\/www.adobecar.com\/en\/#\/schema\/person\/image\/\",\"url\":\"https:\/\/secure.gravatar.com\/avatar\/5f58fc193c23f901004971e2f354a0d88fd566ef0dc5736012860ca57e89c678?s=96&d=mm&r=g\",\"contentUrl\":\"https:\/\/secure.gravatar.com\/avatar\/5f58fc193c23f901004971e2f354a0d88fd566ef0dc5736012860ca57e89c678?s=96&d=mm&r=g\",\"caption\":\"Equipo Editorial Adobe\"},\"description\":\"El equipo editorial de Adobe Rent a Car est\u00e1 compuesto por m\u00e1s de seis expertos, incluyendo periodistas con m\u00e1s de 14 a\u00f1os en medios de comunicaci\u00f3n, especialistas en SEO, gestores de redes sociales y estrategas de contenido. Adem\u00e1s, contamos con profesionales en Administraci\u00f3n de Proyectos y Marketing Digital con m\u00e1s de 25 a\u00f1os de experiencia en sectores como Banca, Renting, Automotriz, Tecnolog\u00eda y Seguros. Este equipo talentoso y diverso, reconocido con premios internacionales, se enfoca en brindar informaci\u00f3n precisa y relevante, asegurando la mejor experiencia posible para nuestros usuarios.\",\"sameAs\":[\"https:\/\/www.adobecar.com\/\",\"https:\/\/www.facebook.com\/adobecar\",\"https:\/\/www.instagram.com\/adoberentacar\/\",\"https:\/\/www.linkedin.com\/company\/adobe-rent-a-car\",\"https:\/\/x.com\/adoberentacar\",\"https:\/\/www.youtube.com\/channel\/UCPJfc3n7wu_7aR8H_nd6VJQ\"],\"url\":\"https:\/\/www.adobecar.com\/en\/author\/adoberentacar\/\"},{\"@type\":\"Question\",\"@id\":\"https:\/\/www.adobecar.com\/en\/corporate-social-responsibility\/sustainable-travel-in-costa-rica\/#faq-question-1773815723195\",\"position\":1,\"url\":\"https:\/\/www.adobecar.com\/en\/corporate-social-responsibility\/sustainable-travel-in-costa-rica\/#faq-question-1773815723195\",\"name\":\"What is sustainable travel in Costa Rica?\",\"answerCount\":1,\"acceptedAnswer\":{\"@type\":\"Answer\",\"text\":\"Sustainable travel in Costa Rica means traveling in a way that protects nature and supports local communities. This includes choosing responsible transportation, supporting local businesses, and reducing environmental impact whenever possible.\",\"inLanguage\":\"en-US\"},\"inLanguage\":\"en-US\"},{\"@type\":\"Question\",\"@id\":\"https:\/\/www.adobecar.com\/en\/corporate-social-responsibility\/sustainable-travel-in-costa-rica\/#faq-question-1773815735986\",\"position\":2,\"url\":\"https:\/\/www.adobecar.com\/en\/corporate-social-responsibility\/sustainable-travel-in-costa-rica\/#faq-question-1773815735986\",\"name\":\"How does a sustainable travel Costa Rica car rental work?\",\"answerCount\":1,\"acceptedAnswer\":{\"@type\":\"Answer\",\"text\":\"A sustainable travel Costa Rica car rental focuses on reducing emissions, supporting conservation projects, and operating responsibly within local communities. The goal is to balance travel freedom with environmental care.\",\"inLanguage\":\"en-US\"},\"inLanguage\":\"en-US\"},{\"@type\":\"Question\",\"@id\":\"https:\/\/www.adobecar.com\/en\/corporate-social-responsibility\/sustainable-travel-in-costa-rica\/#faq-question-1773815742381\",\"position\":3,\"url\":\"https:\/\/www.adobecar.com\/en\/corporate-social-responsibility\/sustainable-travel-in-costa-rica\/#faq-question-1773815742381\",\"name\":\"Is eco tourism Costa Rica car rental different from regular car rental?\",\"answerCount\":1,\"acceptedAnswer\":{\"@type\":\"Answer\",\"text\":\"Yes. Eco tourism Costa Rica car rental places more importance on sustainability. This includes carbon neutral practices, eco certification, and partnerships with environmental organizations.\",\"inLanguage\":\"en-US\"},\"inLanguage\":\"en-US\"},{\"@type\":\"Question\",\"@id\":\"https:\/\/www.adobecar.com\/en\/corporate-social-responsibility\/sustainable-travel-in-costa-rica\/#faq-question-1773815749035\",\"position\":4,\"url\":\"https:\/\/www.adobecar.com\/en\/corporate-social-responsibility\/sustainable-travel-in-costa-rica\/#faq-question-1773815749035\",\"name\":\"Why does car rental matter for eco tourism in Costa Rica?\",\"answerCount\":1,\"acceptedAnswer\":{\"@type\":\"Answer\",\"text\":\"Transportation creates emissions. Choosing an eco-friendly car rental Costa Rica option helps reduce environmental impact and supports conservation efforts linked to tourism.\",\"inLanguage\":\"en-US\"},\"inLanguage\":\"en-US\"},{\"@type\":\"Question\",\"@id\":\"https:\/\/www.adobecar.com\/en\/corporate-social-responsibility\/sustainable-travel-in-costa-rica\/#faq-question-1773815754962\",\"position\":5,\"url\":\"https:\/\/www.adobecar.com\/en\/corporate-social-responsibility\/sustainable-travel-in-costa-rica\/#faq-question-1773815754962\",\"name\":\"What does carbon neutral travel Costa Rica mean?\",\"answerCount\":1,\"acceptedAnswer\":{\"@type\":\"Answer\",\"text\":\"Carbon neutral travel Costa Rica means that emissions produced by operations are measured and offset through certified programs. This helps balance the environmental impact of travel activities.\",\"inLanguage\":\"en-US\"},\"inLanguage\":\"en-US\"},{\"@type\":\"Question\",\"@id\":\"https:\/\/www.adobecar.com\/en\/corporate-social-responsibility\/sustainable-travel-in-costa-rica\/#faq-question-1773815763476\",\"position\":6,\"url\":\"https:\/\/www.adobecar.com\/en\/corporate-social-responsibility\/sustainable-travel-in-costa-rica\/#faq-question-1773815763476\",\"name\":\"Is Adobe Rent a Car carbon neutral?\",\"answerCount\":1,\"acceptedAnswer\":{\"@type\":\"Answer\",\"text\":\"Yes. <strong>Adobe Rent a Car<\/strong> follows carbon neutral practices and works to measure, reduce, and offset its emissions as part of its sustainability initiatives.\",\"inLanguage\":\"en-US\"},\"inLanguage\":\"en-US\"},{\"@type\":\"Question\",\"@id\":\"https:\/\/www.adobecar.com\/en\/corporate-social-responsibility\/sustainable-travel-in-costa-rica\/#faq-question-1773815770717\",\"position\":7,\"url\":\"https:\/\/www.adobecar.com\/en\/corporate-social-responsibility\/sustainable-travel-in-costa-rica\/#faq-question-1773815770717\",\"name\":\"What are Adobe sustainability initiatives?\",\"answerCount\":1,\"acceptedAnswer\":{\"@type\":\"Answer\",\"text\":\"Adobe sustainability initiatives include carbon neutrality certification, eco certification, support for reforestation projects, recycling programs, and community-based environmental actions.\",\"inLanguage\":\"en-US\"},\"inLanguage\":\"en-US\"},{\"@type\":\"Question\",\"@id\":\"https:\/\/www.adobecar.com\/en\/corporate-social-responsibility\/sustainable-travel-in-costa-rica\/#faq-question-1773815776685\",\"position\":8,\"url\":\"https:\/\/www.adobecar.com\/en\/corporate-social-responsibility\/sustainable-travel-in-costa-rica\/#faq-question-1773815776685\",\"name\":\"How does eco certified car rental Costa Rica benefit travelers?\",\"answerCount\":1,\"acceptedAnswer\":{\"@type\":\"Answer\",\"text\":\"Eco certified car rental Costa Rica gives travelers confidence that the company follows verified environmental standards and responsible business practices.\",\"inLanguage\":\"en-US\"},\"inLanguage\":\"en-US\"},{\"@type\":\"Question\",\"@id\":\"https:\/\/www.adobecar.com\/en\/corporate-social-responsibility\/sustainable-travel-in-costa-rica\/#faq-question-1773815783237\",\"position\":9,\"url\":\"https:\/\/www.adobecar.com\/en\/corporate-social-responsibility\/sustainable-travel-in-costa-rica\/#faq-question-1773815783237\",\"name\":\"Does Adobe support reforestation programs in Costa Rica?\",\"answerCount\":1,\"acceptedAnswer\":{\"@type\":\"Answer\",\"text\":\"Yes. Adobe supports reforestation programs Costa Rica tourism initiatives through partnerships, logistics support, and long-term conservation efforts.\",\"inLanguage\":\"en-US\"},\"inLanguage\":\"en-US\"},{\"@type\":\"Question\",\"@id\":\"https:\/\/www.adobecar.com\/en\/corporate-social-responsibility\/sustainable-travel-in-costa-rica\/#faq-question-1773815788911\",\"position\":10,\"url\":\"https:\/\/www.adobecar.com\/en\/corporate-social-responsibility\/sustainable-travel-in-costa-rica\/#faq-question-1773815788911\",\"name\":\"Why are reforestation programs important for tourism?\",\"answerCount\":1,\"acceptedAnswer\":{\"@type\":\"Answer\",\"text\":\"Reforestation programs help protect forests, wildlife habitats, and water sources. These natural resources are essential for eco tourism in Costa Rica.\",\"inLanguage\":\"en-US\"},\"inLanguage\":\"en-US\"},{\"@type\":\"Question\",\"@id\":\"https:\/\/www.adobecar.com\/en\/corporate-social-responsibility\/sustainable-travel-in-costa-rica\/#faq-question-1773815794331\",\"position\":11,\"url\":\"https:\/\/www.adobecar.com\/en\/corporate-social-responsibility\/sustainable-travel-in-costa-rica\/#faq-question-1773815794331\",\"name\":\"How does renting from a local company support sustainability?\",\"answerCount\":1,\"acceptedAnswer\":{\"@type\":\"Answer\",\"text\":\"Local companies reinvest in Costa Rica. They create jobs, support communities, and fund environmental programs. This strengthens sustainable travel in Costa Rica.\",\"inLanguage\":\"en-US\"},\"inLanguage\":\"en-US\"},{\"@type\":\"Question\",\"@id\":\"https:\/\/www.adobecar.com\/en\/corporate-social-responsibility\/sustainable-travel-in-costa-rica\/#faq-question-1773815812849\",\"position\":12,\"url\":\"https:\/\/www.adobecar.com\/en\/corporate-social-responsibility\/sustainable-travel-in-costa-rica\/#faq-question-1773815812849\",\"name\":\"Is Adobe a local car rental company?\",\"answerCount\":1,\"acceptedAnswer\":{\"@type\":\"Answer\",\"text\":\"Yes. Adobe operates exclusively in Costa Rica. Its offices are staffed by local residents who understand the environment and community needs.\",\"inLanguage\":\"en-US\"},\"inLanguage\":\"en-US\"},{\"@type\":\"Question\",\"@id\":\"https:\/\/www.adobecar.com\/en\/corporate-social-responsibility\/sustainable-travel-in-costa-rica\/#faq-question-1773815818712\",\"position\":13,\"url\":\"https:\/\/www.adobecar.com\/en\/corporate-social-responsibility\/sustainable-travel-in-costa-rica\/#faq-question-1773815818712\",\"name\":\"How does Adobe support local communities?\",\"answerCount\":1,\"acceptedAnswer\":{\"@type\":\"Answer\",\"text\":\"Adobe offices support local initiatives such as recycling campaigns, community clean-ups, indigenous projects, women-led organizations, and social aid programs.\",\"inLanguage\":\"en-US\"},\"inLanguage\":\"en-US\"},{\"@type\":\"Question\",\"@id\":\"https:\/\/www.adobecar.com\/en\/corporate-social-responsibility\/sustainable-travel-in-costa-rica\/#faq-question-1773815825195\",\"position\":14,\"url\":\"https:\/\/www.adobecar.com\/en\/corporate-social-responsibility\/sustainable-travel-in-costa-rica\/#faq-question-1773815825195\",\"name\":\"Does Adobe help during natural disasters?\",\"answerCount\":1,\"acceptedAnswer\":{\"@type\":\"Answer\",\"text\":\"Yes. When natural disasters occur, Adobe mobilizes resources to help affected communities. This includes transportation of supplies and local support.\",\"inLanguage\":\"en-US\"},\"inLanguage\":\"en-US\"},{\"@type\":\"Question\",\"@id\":\"https:\/\/www.adobecar.com\/en\/corporate-social-responsibility\/sustainable-travel-in-costa-rica\/#faq-question-1773815836122\",\"position\":15,\"url\":\"https:\/\/www.adobecar.com\/en\/corporate-social-responsibility\/sustainable-travel-in-costa-rica\/#faq-question-1773815836122\",\"name\":\"What role do customers play in sustainability?\",\"answerCount\":1,\"acceptedAnswer\":{\"@type\":\"Answer\",\"text\":\"When travelers choose eco tourism Costa Rica car rental options, they help fund sustainability initiatives and support responsible tourism.\",\"inLanguage\":\"en-US\"},\"inLanguage\":\"en-US\"},{\"@type\":\"Question\",\"@id\":\"https:\/\/www.adobecar.com\/en\/corporate-social-responsibility\/sustainable-travel-in-costa-rica\/#faq-question-1773815846998\",\"position\":16,\"url\":\"https:\/\/www.adobecar.com\/en\/corporate-social-responsibility\/sustainable-travel-in-costa-rica\/#faq-question-1773815846998\",\"name\":\"Is choosing a sustainable car rental more expensive?\",\"answerCount\":1,\"acceptedAnswer\":{\"@type\":\"Answer\",\"text\":\"Not necessarily. Sustainable practices focus on long-term impact, efficiency, and responsibility. The value comes from supporting conservation and local economies.\",\"inLanguage\":\"en-US\"},\"inLanguage\":\"en-US\"},{\"@type\":\"Question\",\"@id\":\"https:\/\/www.adobecar.com\/en\/corporate-social-responsibility\/sustainable-travel-in-costa-rica\/#faq-question-1773815858260\",\"position\":17,\"url\":\"https:\/\/www.adobecar.com\/en\/corporate-social-responsibility\/sustainable-travel-in-costa-rica\/#faq-question-1773815858260\",\"name\":\"Why do eco conscious travelers prefer local rental companies?\",\"answerCount\":1,\"acceptedAnswer\":{\"@type\":\"Answer\",\"text\":\"Eco conscious travelers prefer local companies because their spending stays in the country and supports real environmental and social projects.\",\"inLanguage\":\"en-US\"},\"inLanguage\":\"en-US\"},{\"@type\":\"Question\",\"@id\":\"https:\/\/www.adobecar.com\/en\/corporate-social-responsibility\/sustainable-travel-in-costa-rica\/#faq-question-1773815879658\",\"position\":18,\"url\":\"https:\/\/www.adobecar.com\/en\/corporate-social-responsibility\/sustainable-travel-in-costa-rica\/#faq-question-1773815879658\",\"name\":\"Does Adobe support wildlife conservation?\",\"answerCount\":1,\"acceptedAnswer\":{\"@type\":\"Answer\",\"text\":\"Yes. Adobe supports wildlife conservation projects, including organizations dedicated to protecting native species such as sloths.\",\"inLanguage\":\"en-US\"},\"inLanguage\":\"en-US\"},{\"@type\":\"Question\",\"@id\":\"https:\/\/www.adobecar.com\/en\/corporate-social-responsibility\/sustainable-travel-in-costa-rica\/#faq-question-1773815887038\",\"position\":19,\"url\":\"https:\/\/www.adobecar.com\/en\/corporate-social-responsibility\/sustainable-travel-in-costa-rica\/#faq-question-1773815887038\",\"name\":\"Why are sloths important in Costa Rica?\",\"answerCount\":1,\"acceptedAnswer\":{\"@type\":\"Answer\",\"text\":\"Sloths are part of Costa Rica\u2019s biodiversity and natural heritage. Protecting them helps preserve ecosystems and promotes responsible tourism.\",\"inLanguage\":\"en-US\"},\"inLanguage\":\"en-US\"},{\"@type\":\"Question\",\"@id\":\"https:\/\/www.adobecar.com\/en\/corporate-social-responsibility\/sustainable-travel-in-costa-rica\/#faq-question-1773815898033\",\"position\":20,\"url\":\"https:\/\/www.adobecar.com\/en\/corporate-social-responsibility\/sustainable-travel-in-costa-rica\/#faq-question-1773815898033\",\"name\":\"How does Adobe combine business and sustainability?\",\"answerCount\":1,\"acceptedAnswer\":{\"@type\":\"Answer\",\"text\":\"Adobe integrates sustainability into daily operations, employee initiatives, and long-term environmental strategies.\",\"inLanguage\":\"en-US\"},\"inLanguage\":\"en-US\"},{\"@type\":\"Question\",\"@id\":\"https:\/\/www.adobecar.com\/en\/corporate-social-responsibility\/sustainable-travel-in-costa-rica\/#faq-question-1773815906126\",\"position\":21,\"url\":\"https:\/\/www.adobecar.com\/en\/corporate-social-responsibility\/sustainable-travel-in-costa-rica\/#faq-question-1773815906126\",\"name\":\"Can renting a car still be eco friendly?\",\"answerCount\":1,\"acceptedAnswer\":{\"@type\":\"Answer\",\"text\":\"Yes. Renting a car can be eco friendly when done with a company that prioritizes sustainability, carbon neutrality, and conservation efforts.\",\"inLanguage\":\"en-US\"},\"inLanguage\":\"en-US\"},{\"@type\":\"Question\",\"@id\":\"https:\/\/www.adobecar.com\/en\/corporate-social-responsibility\/sustainable-travel-in-costa-rica\/#faq-question-1773815912480\",\"position\":22,\"url\":\"https:\/\/www.adobecar.com\/en\/corporate-social-responsibility\/sustainable-travel-in-costa-rica\/#faq-question-1773815912480\",\"name\":\"What makes Adobe one of the best car rental for eco tourism in Costa Rica?\",\"answerCount\":1,\"acceptedAnswer\":{\"@type\":\"Answer\",\"text\":\"Adobe combines local operations, eco certification, carbon neutral travel Costa Rica practices, and active community involvement.\",\"inLanguage\":\"en-US\"},\"inLanguage\":\"en-US\"},{\"@type\":\"Question\",\"@id\":\"https:\/\/www.adobecar.com\/en\/corporate-social-responsibility\/sustainable-travel-in-costa-rica\/#faq-question-1773815919821\",\"position\":23,\"url\":\"https:\/\/www.adobecar.com\/en\/corporate-social-responsibility\/sustainable-travel-in-costa-rica\/#faq-question-1773815919821\",\"name\":\"How does sustainable car rental create positive impact?\",\"answerCount\":1,\"acceptedAnswer\":{\"@type\":\"Answer\",\"text\":\"It supports reforestation projects, reduces emissions, strengthens local economies, and protects natural resources.\",\"inLanguage\":\"en-US\"},\"inLanguage\":\"en-US\"},{\"@type\":\"Question\",\"@id\":\"https:\/\/www.adobecar.com\/en\/corporate-social-responsibility\/sustainable-travel-in-costa-rica\/#faq-question-1773815925803\",\"position\":24,\"url\":\"https:\/\/www.adobecar.com\/en\/corporate-social-responsibility\/sustainable-travel-in-costa-rica\/#faq-question-1773815925803\",\"name\":\"Is sustainable travel important for national parks?\",\"answerCount\":1,\"acceptedAnswer\":{\"@type\":\"Answer\",\"text\":\"Yes. National parks depend on responsible tourism to fund conservation and protect Costa Rica\u2019s lush rainforests and wildlife.\",\"inLanguage\":\"en-US\"},\"inLanguage\":\"en-US\"},{\"@type\":\"Question\",\"@id\":\"https:\/\/www.adobecar.com\/en\/corporate-social-responsibility\/sustainable-travel-in-costa-rica\/#faq-question-1773815932048\",\"position\":25,\"url\":\"https:\/\/www.adobecar.com\/en\/corporate-social-responsibility\/sustainable-travel-in-costa-rica\/#faq-question-1773815932048\",\"name\":\"How can travelers make responsible choices when renting a car?\",\"answerCount\":1,\"acceptedAnswer\":{\"@type\":\"Answer\",\"text\":\"By choosing an eco certified car rental Costa Rica company that supports sustainability initiatives and local communities.\",\"inLanguage\":\"en-US\"},\"inLanguage\":\"en-US\"},{\"@type\":\"Question\",\"@id\":\"https:\/\/www.adobecar.com\/en\/corporate-social-responsibility\/sustainable-travel-in-costa-rica\/#faq-question-1773815942923\",\"position\":26,\"url\":\"https:\/\/www.adobecar.com\/en\/corporate-social-responsibility\/sustainable-travel-in-costa-rica\/#faq-question-1773815942923\",\"name\":\"Does Adobe support science based targets?\",\"answerCount\":1,\"acceptedAnswer\":{\"@type\":\"Answer\",\"text\":\"Adobe aligns its sustainability goals with measurable environmental targets to ensure continuous improvement.\",\"inLanguage\":\"en-US\"},\"inLanguage\":\"en-US\"},{\"@type\":\"Question\",\"@id\":\"https:\/\/www.adobecar.com\/en\/corporate-social-responsibility\/sustainable-travel-in-costa-rica\/#faq-question-1773815948576\",\"position\":27,\"url\":\"https:\/\/www.adobecar.com\/en\/corporate-social-responsibility\/sustainable-travel-in-costa-rica\/#faq-question-1773815948576\",\"name\":\"Why is commitment to sustainability important in tourism?\",\"answerCount\":1,\"acceptedAnswer\":{\"@type\":\"Answer\",\"text\":\"Commitment to sustainability ensures that tourism benefits future generations while protecting Costa Rica\u2019s natural beauty.\",\"inLanguage\":\"en-US\"},\"inLanguage\":\"en-US\"}]}<\/script>\n<!-- \/ Yoast SEO Premium plugin. -->","yoast_head_json":{"title":"Sustainable Travel Costa Rica Car Rental Guide","description":"Sustainable travel Costa Rica guide. Choose eco friendly car rental options that support conservation and local communities.","robots":{"index":"index","follow":"follow","max-snippet":"max-snippet:-1","max-image-preview":"max-image-preview:large","max-video-preview":"max-video-preview:-1"},"canonical":"https:\/\/www.adobecar.com\/en\/corporate-social-responsibility\/sustainable-travel-in-costa-rica\/","og_locale":"en_US","og_type":"article","og_title":"Sustainable Travel Costa Rica Car Rental Guide","og_description":"Sustainable travel Costa Rica guide. Choose eco friendly car rental options that support conservation, local communities, and responsible tourism.","og_url":"https:\/\/www.adobecar.com\/en\/corporate-social-responsibility\/sustainable-travel-in-costa-rica\/","og_site_name":"Adobe Rent a Car","article_publisher":"https:\/\/www.facebook.com\/adobecar","article_author":"https:\/\/www.facebook.com\/adobecar","article_published_time":"2026-04-30T06:33:48+00:00","og_image":[{"width":2560,"height":1709,"url":"https:\/\/www.adobecar.com\/wp-content\/uploads\/2026\/03\/young-happy-woman-with-backpack-raising-hand-enjoy-with-nature-scaled.jpg","type":"image\/jpeg"}],"author":"Equipo Editorial Adobe","twitter_card":"summary_large_image","twitter_title":"Sustainable Travel Costa Rica Car Rental Guide","twitter_description":"Sustainable travel Costa Rica guide. Choose eco friendly car rental options that support conservation, local communities, and responsible tourism.","twitter_creator":"@adoberentacar","twitter_site":"@adoberentacar","schema":{"@context":"https:\/\/schema.org","@graph":[{"@type":"Article","@id":"https:\/\/www.adobecar.com\/en\/corporate-social-responsibility\/sustainable-travel-in-costa-rica\/#article","isPartOf":{"@id":"https:\/\/www.adobecar.com\/en\/corporate-social-responsibility\/sustainable-travel-in-costa-rica\/"},"author":{"name":"Equipo Editorial Adobe","@id":"https:\/\/www.adobecar.com\/en\/#\/schema\/person\/4db1275e4083aaa8ee357523f0d8b5a4"},"headline":"Sustainable Travel in Costa Rica: Choosing a Car Rental That Makes a Real Difference","datePublished":"2026-04-30T06:33:48+00:00","mainEntityOfPage":{"@id":"https:\/\/www.adobecar.com\/en\/corporate-social-responsibility\/sustainable-travel-in-costa-rica\/"},"wordCount":1775,"commentCount":0,"publisher":{"@id":"https:\/\/www.adobecar.com\/en\/#organization"},"image":{"@id":"https:\/\/www.adobecar.com\/en\/corporate-social-responsibility\/sustainable-travel-in-costa-rica\/#primaryimage"},"thumbnailUrl":"https:\/\/www.adobecar.com\/wp-content\/uploads\/2026\/03\/young-happy-woman-with-backpack-raising-hand-enjoy-with-nature-scaled.jpg","articleSection":["Corporate Social Responsibility"],"inLanguage":"en-US","potentialAction":[{"@type":"CommentAction","name":"Comment","target":["https:\/\/www.adobecar.com\/en\/corporate-social-responsibility\/sustainable-travel-in-costa-rica\/#respond"]}]},{"@type":["WebPage","FAQPage"],"@id":"https:\/\/www.adobecar.com\/en\/corporate-social-responsibility\/sustainable-travel-in-costa-rica\/","url":"https:\/\/www.adobecar.com\/en\/corporate-social-responsibility\/sustainable-travel-in-costa-rica\/","name":"Sustainable Travel Costa Rica Car Rental Guide","isPartOf":{"@id":"https:\/\/www.adobecar.com\/en\/#website"},"primaryImageOfPage":{"@id":"https:\/\/www.adobecar.com\/en\/corporate-social-responsibility\/sustainable-travel-in-costa-rica\/#primaryimage"},"image":{"@id":"https:\/\/www.adobecar.com\/en\/corporate-social-responsibility\/sustainable-travel-in-costa-rica\/#primaryimage"},"thumbnailUrl":"https:\/\/www.adobecar.com\/wp-content\/uploads\/2026\/03\/young-happy-woman-with-backpack-raising-hand-enjoy-with-nature-scaled.jpg","datePublished":"2026-04-30T06:33:48+00:00","description":"Sustainable travel Costa Rica guide. Choose eco friendly car rental options that support conservation and local communities.","breadcrumb":{"@id":"https:\/\/www.adobecar.com\/en\/corporate-social-responsibility\/sustainable-travel-in-costa-rica\/#breadcrumb"},"mainEntity":[{"@id":"https:\/\/www.adobecar.com\/en\/corporate-social-responsibility\/sustainable-travel-in-costa-rica\/#faq-question-1773815723195"},{"@id":"https:\/\/www.adobecar.com\/en\/corporate-social-responsibility\/sustainable-travel-in-costa-rica\/#faq-question-1773815735986"},{"@id":"https:\/\/www.adobecar.com\/en\/corporate-social-responsibility\/sustainable-travel-in-costa-rica\/#faq-question-1773815742381"},{"@id":"https:\/\/www.adobecar.com\/en\/corporate-social-responsibility\/sustainable-travel-in-costa-rica\/#faq-question-1773815749035"},{"@id":"https:\/\/www.adobecar.com\/en\/corporate-social-responsibility\/sustainable-travel-in-costa-rica\/#faq-question-1773815754962"},{"@id":"https:\/\/www.adobecar.com\/en\/corporate-social-responsibility\/sustainable-travel-in-costa-rica\/#faq-question-1773815763476"},{"@id":"https:\/\/www.adobecar.com\/en\/corporate-social-responsibility\/sustainable-travel-in-costa-rica\/#faq-question-1773815770717"},{"@id":"https:\/\/www.adobecar.com\/en\/corporate-social-responsibility\/sustainable-travel-in-costa-rica\/#faq-question-1773815776685"},{"@id":"https:\/\/www.adobecar.com\/en\/corporate-social-responsibility\/sustainable-travel-in-costa-rica\/#faq-question-1773815783237"},{"@id":"https:\/\/www.adobecar.com\/en\/corporate-social-responsibility\/sustainable-travel-in-costa-rica\/#faq-question-1773815788911"},{"@id":"https:\/\/www.adobecar.com\/en\/corporate-social-responsibility\/sustainable-travel-in-costa-rica\/#faq-question-1773815794331"},{"@id":"https:\/\/www.adobecar.com\/en\/corporate-social-responsibility\/sustainable-travel-in-costa-rica\/#faq-question-1773815812849"},{"@id":"https:\/\/www.adobecar.com\/en\/corporate-social-responsibility\/sustainable-travel-in-costa-rica\/#faq-question-1773815818712"},{"@id":"https:\/\/www.adobecar.com\/en\/corporate-social-responsibility\/sustainable-travel-in-costa-rica\/#faq-question-1773815825195"},{"@id":"https:\/\/www.adobecar.com\/en\/corporate-social-responsibility\/sustainable-travel-in-costa-rica\/#faq-question-1773815836122"},{"@id":"https:\/\/www.adobecar.com\/en\/corporate-social-responsibility\/sustainable-travel-in-costa-rica\/#faq-question-1773815846998"},{"@id":"https:\/\/www.adobecar.com\/en\/corporate-social-responsibility\/sustainable-travel-in-costa-rica\/#faq-question-1773815858260"},{"@id":"https:\/\/www.adobecar.com\/en\/corporate-social-responsibility\/sustainable-travel-in-costa-rica\/#faq-question-1773815879658"},{"@id":"https:\/\/www.adobecar.com\/en\/corporate-social-responsibility\/sustainable-travel-in-costa-rica\/#faq-question-1773815887038"},{"@id":"https:\/\/www.adobecar.com\/en\/corporate-social-responsibility\/sustainable-travel-in-costa-rica\/#faq-question-1773815898033"},{"@id":"https:\/\/www.adobecar.com\/en\/corporate-social-responsibility\/sustainable-travel-in-costa-rica\/#faq-question-1773815906126"},{"@id":"https:\/\/www.adobecar.com\/en\/corporate-social-responsibility\/sustainable-travel-in-costa-rica\/#faq-question-1773815912480"},{"@id":"https:\/\/www.adobecar.com\/en\/corporate-social-responsibility\/sustainable-travel-in-costa-rica\/#faq-question-1773815919821"},{"@id":"https:\/\/www.adobecar.com\/en\/corporate-social-responsibility\/sustainable-travel-in-costa-rica\/#faq-question-1773815925803"},{"@id":"https:\/\/www.adobecar.com\/en\/corporate-social-responsibility\/sustainable-travel-in-costa-rica\/#faq-question-1773815932048"},{"@id":"https:\/\/www.adobecar.com\/en\/corporate-social-responsibility\/sustainable-travel-in-costa-rica\/#faq-question-1773815942923"},{"@id":"https:\/\/www.adobecar.com\/en\/corporate-social-responsibility\/sustainable-travel-in-costa-rica\/#faq-question-1773815948576"}],"inLanguage":"en-US","potentialAction":[{"@type":"ReadAction","target":["https:\/\/www.adobecar.com\/en\/corporate-social-responsibility\/sustainable-travel-in-costa-rica\/"]}]},{"@type":"ImageObject","inLanguage":"en-US","@id":"https:\/\/www.adobecar.com\/en\/corporate-social-responsibility\/sustainable-travel-in-costa-rica\/#primaryimage","url":"https:\/\/www.adobecar.com\/wp-content\/uploads\/2026\/03\/young-happy-woman-with-backpack-raising-hand-enjoy-with-nature-scaled.jpg","contentUrl":"https:\/\/www.adobecar.com\/wp-content\/uploads\/2026\/03\/young-happy-woman-with-backpack-raising-hand-enjoy-with-nature-scaled.jpg","width":2560,"height":1709,"caption":"Young happy woman with backpack raising hand enjoy with nature. Woman travel concept."},{"@type":"BreadcrumbList","@id":"https:\/\/www.adobecar.com\/en\/corporate-social-responsibility\/sustainable-travel-in-costa-rica\/#breadcrumb","itemListElement":[{"@type":"ListItem","position":1,"name":"Car Rental","item":"https:\/\/www.adobecar.com\/en\/"},{"@type":"ListItem","position":2,"name":"Corporate Social Responsibility","item":"https:\/\/www.adobecar.com\/en\/category\/corporate-social-responsibility\/"},{"@type":"ListItem","position":3,"name":"Sustainable Travel in Costa Rica: Choosing a Car Rental That Makes a Real Difference"}]},{"@type":"WebSite","@id":"https:\/\/www.adobecar.com\/en\/#website","url":"https:\/\/www.adobecar.com\/en\/","name":"Adobe Rent a Car","description":"The largest local car rental company in Costa Rica with best value, since 1990. The company focuses in delivering a complete service at a reasonable price, with no hidden fees and total protection, zero deductible insurance available. Rent a Car with Us!","publisher":{"@id":"https:\/\/www.adobecar.com\/en\/#organization"},"alternateName":"ARC Car Rental","potentialAction":[{"@type":"SearchAction","target":{"@type":"EntryPoint","urlTemplate":"https:\/\/www.adobecar.com\/en\/?s={search_term_string}"},"query-input":{"@type":"PropertyValueSpecification","valueRequired":true,"valueName":"search_term_string"}}],"inLanguage":"en-US"},{"@type":["Organization","Place"],"@id":"https:\/\/www.adobecar.com\/en\/#organization","name":"Adobe Rent a Car","url":"https:\/\/www.adobecar.com\/en\/","logo":{"@type":"ImageObject","inLanguage":"en-US","@id":"https:\/\/www.adobecar.com\/en\/#\/schema\/logo\/image\/","url":"https:\/\/www.adobecar.com\/wp-content\/uploads\/2020\/05\/logo-ARC.png","contentUrl":"https:\/\/www.adobecar.com\/wp-content\/uploads\/2020\/05\/logo-ARC.png","width":170,"height":78,"caption":"Adobe Rent a Car"},"image":{"@id":"https:\/\/www.adobecar.com\/en\/#\/schema\/logo\/image\/"},"sameAs":["https:\/\/www.facebook.com\/adobecar","https:\/\/x.com\/adoberentacar","https:\/\/www.instagram.com\/adoberentacar\/","https:\/\/www.linkedin.com\/company\/adobe-rent-a-car","https:\/\/www.youtube.com\/channel\/UCPJfc3n7wu_7aR8H_nd6VJQ"],"mainEntityOfPage":{"@id":"https:\/\/www.adobecar.com\/en\/corporate-social-responsibility\/sustainable-travel-in-costa-rica\/"}},{"@type":"Person","@id":"https:\/\/www.adobecar.com\/en\/#\/schema\/person\/4db1275e4083aaa8ee357523f0d8b5a4","name":"Equipo Editorial Adobe","image":{"@type":"ImageObject","inLanguage":"en-US","@id":"https:\/\/www.adobecar.com\/en\/#\/schema\/person\/image\/","url":"https:\/\/secure.gravatar.com\/avatar\/5f58fc193c23f901004971e2f354a0d88fd566ef0dc5736012860ca57e89c678?s=96&d=mm&r=g","contentUrl":"https:\/\/secure.gravatar.com\/avatar\/5f58fc193c23f901004971e2f354a0d88fd566ef0dc5736012860ca57e89c678?s=96&d=mm&r=g","caption":"Equipo Editorial Adobe"},"description":"El equipo editorial de Adobe Rent a Car est\u00e1 compuesto por m\u00e1s de seis expertos, incluyendo periodistas con m\u00e1s de 14 a\u00f1os en medios de comunicaci\u00f3n, especialistas en SEO, gestores de redes sociales y estrategas de contenido. Adem\u00e1s, contamos con profesionales en Administraci\u00f3n de Proyectos y Marketing Digital con m\u00e1s de 25 a\u00f1os de experiencia en sectores como Banca, Renting, Automotriz, Tecnolog\u00eda y Seguros. Este equipo talentoso y diverso, reconocido con premios internacionales, se enfoca en brindar informaci\u00f3n precisa y relevante, asegurando la mejor experiencia posible para nuestros usuarios.","sameAs":["https:\/\/www.adobecar.com\/","https:\/\/www.facebook.com\/adobecar","https:\/\/www.instagram.com\/adoberentacar\/","https:\/\/www.linkedin.com\/company\/adobe-rent-a-car","https:\/\/x.com\/adoberentacar","https:\/\/www.youtube.com\/channel\/UCPJfc3n7wu_7aR8H_nd6VJQ"],"url":"https:\/\/www.adobecar.com\/en\/author\/adoberentacar\/"},{"@type":"Question","@id":"https:\/\/www.adobecar.com\/en\/corporate-social-responsibility\/sustainable-travel-in-costa-rica\/#faq-question-1773815723195","position":1,"url":"https:\/\/www.adobecar.com\/en\/corporate-social-responsibility\/sustainable-travel-in-costa-rica\/#faq-question-1773815723195","name":"What is sustainable travel in Costa Rica?","answerCount":1,"acceptedAnswer":{"@type":"Answer","text":"Sustainable travel in Costa Rica means traveling in a way that protects nature and supports local communities. This includes choosing responsible transportation, supporting local businesses, and reducing environmental impact whenever possible.","inLanguage":"en-US"},"inLanguage":"en-US"},{"@type":"Question","@id":"https:\/\/www.adobecar.com\/en\/corporate-social-responsibility\/sustainable-travel-in-costa-rica\/#faq-question-1773815735986","position":2,"url":"https:\/\/www.adobecar.com\/en\/corporate-social-responsibility\/sustainable-travel-in-costa-rica\/#faq-question-1773815735986","name":"How does a sustainable travel Costa Rica car rental work?","answerCount":1,"acceptedAnswer":{"@type":"Answer","text":"A sustainable travel Costa Rica car rental focuses on reducing emissions, supporting conservation projects, and operating responsibly within local communities. The goal is to balance travel freedom with environmental care.","inLanguage":"en-US"},"inLanguage":"en-US"},{"@type":"Question","@id":"https:\/\/www.adobecar.com\/en\/corporate-social-responsibility\/sustainable-travel-in-costa-rica\/#faq-question-1773815742381","position":3,"url":"https:\/\/www.adobecar.com\/en\/corporate-social-responsibility\/sustainable-travel-in-costa-rica\/#faq-question-1773815742381","name":"Is eco tourism Costa Rica car rental different from regular car rental?","answerCount":1,"acceptedAnswer":{"@type":"Answer","text":"Yes. Eco tourism Costa Rica car rental places more importance on sustainability. This includes carbon neutral practices, eco certification, and partnerships with environmental organizations.","inLanguage":"en-US"},"inLanguage":"en-US"},{"@type":"Question","@id":"https:\/\/www.adobecar.com\/en\/corporate-social-responsibility\/sustainable-travel-in-costa-rica\/#faq-question-1773815749035","position":4,"url":"https:\/\/www.adobecar.com\/en\/corporate-social-responsibility\/sustainable-travel-in-costa-rica\/#faq-question-1773815749035","name":"Why does car rental matter for eco tourism in Costa Rica?","answerCount":1,"acceptedAnswer":{"@type":"Answer","text":"Transportation creates emissions. Choosing an eco-friendly car rental Costa Rica option helps reduce environmental impact and supports conservation efforts linked to tourism.","inLanguage":"en-US"},"inLanguage":"en-US"},{"@type":"Question","@id":"https:\/\/www.adobecar.com\/en\/corporate-social-responsibility\/sustainable-travel-in-costa-rica\/#faq-question-1773815754962","position":5,"url":"https:\/\/www.adobecar.com\/en\/corporate-social-responsibility\/sustainable-travel-in-costa-rica\/#faq-question-1773815754962","name":"What does carbon neutral travel Costa Rica mean?","answerCount":1,"acceptedAnswer":{"@type":"Answer","text":"Carbon neutral travel Costa Rica means that emissions produced by operations are measured and offset through certified programs. This helps balance the environmental impact of travel activities.","inLanguage":"en-US"},"inLanguage":"en-US"},{"@type":"Question","@id":"https:\/\/www.adobecar.com\/en\/corporate-social-responsibility\/sustainable-travel-in-costa-rica\/#faq-question-1773815763476","position":6,"url":"https:\/\/www.adobecar.com\/en\/corporate-social-responsibility\/sustainable-travel-in-costa-rica\/#faq-question-1773815763476","name":"Is Adobe Rent a Car carbon neutral?","answerCount":1,"acceptedAnswer":{"@type":"Answer","text":"Yes. <strong>Adobe Rent a Car<\/strong> follows carbon neutral practices and works to measure, reduce, and offset its emissions as part of its sustainability initiatives.","inLanguage":"en-US"},"inLanguage":"en-US"},{"@type":"Question","@id":"https:\/\/www.adobecar.com\/en\/corporate-social-responsibility\/sustainable-travel-in-costa-rica\/#faq-question-1773815770717","position":7,"url":"https:\/\/www.adobecar.com\/en\/corporate-social-responsibility\/sustainable-travel-in-costa-rica\/#faq-question-1773815770717","name":"What are Adobe sustainability initiatives?","answerCount":1,"acceptedAnswer":{"@type":"Answer","text":"Adobe sustainability initiatives include carbon neutrality certification, eco certification, support for reforestation projects, recycling programs, and community-based environmental actions.","inLanguage":"en-US"},"inLanguage":"en-US"},{"@type":"Question","@id":"https:\/\/www.adobecar.com\/en\/corporate-social-responsibility\/sustainable-travel-in-costa-rica\/#faq-question-1773815776685","position":8,"url":"https:\/\/www.adobecar.com\/en\/corporate-social-responsibility\/sustainable-travel-in-costa-rica\/#faq-question-1773815776685","name":"How does eco certified car rental Costa Rica benefit travelers?","answerCount":1,"acceptedAnswer":{"@type":"Answer","text":"Eco certified car rental Costa Rica gives travelers confidence that the company follows verified environmental standards and responsible business practices.","inLanguage":"en-US"},"inLanguage":"en-US"},{"@type":"Question","@id":"https:\/\/www.adobecar.com\/en\/corporate-social-responsibility\/sustainable-travel-in-costa-rica\/#faq-question-1773815783237","position":9,"url":"https:\/\/www.adobecar.com\/en\/corporate-social-responsibility\/sustainable-travel-in-costa-rica\/#faq-question-1773815783237","name":"Does Adobe support reforestation programs in Costa Rica?","answerCount":1,"acceptedAnswer":{"@type":"Answer","text":"Yes. Adobe supports reforestation programs Costa Rica tourism initiatives through partnerships, logistics support, and long-term conservation efforts.","inLanguage":"en-US"},"inLanguage":"en-US"},{"@type":"Question","@id":"https:\/\/www.adobecar.com\/en\/corporate-social-responsibility\/sustainable-travel-in-costa-rica\/#faq-question-1773815788911","position":10,"url":"https:\/\/www.adobecar.com\/en\/corporate-social-responsibility\/sustainable-travel-in-costa-rica\/#faq-question-1773815788911","name":"Why are reforestation programs important for tourism?","answerCount":1,"acceptedAnswer":{"@type":"Answer","text":"Reforestation programs help protect forests, wildlife habitats, and water sources. These natural resources are essential for eco tourism in Costa Rica.","inLanguage":"en-US"},"inLanguage":"en-US"},{"@type":"Question","@id":"https:\/\/www.adobecar.com\/en\/corporate-social-responsibility\/sustainable-travel-in-costa-rica\/#faq-question-1773815794331","position":11,"url":"https:\/\/www.adobecar.com\/en\/corporate-social-responsibility\/sustainable-travel-in-costa-rica\/#faq-question-1773815794331","name":"How does renting from a local company support sustainability?","answerCount":1,"acceptedAnswer":{"@type":"Answer","text":"Local companies reinvest in Costa Rica. They create jobs, support communities, and fund environmental programs. This strengthens sustainable travel in Costa Rica.","inLanguage":"en-US"},"inLanguage":"en-US"},{"@type":"Question","@id":"https:\/\/www.adobecar.com\/en\/corporate-social-responsibility\/sustainable-travel-in-costa-rica\/#faq-question-1773815812849","position":12,"url":"https:\/\/www.adobecar.com\/en\/corporate-social-responsibility\/sustainable-travel-in-costa-rica\/#faq-question-1773815812849","name":"Is Adobe a local car rental company?","answerCount":1,"acceptedAnswer":{"@type":"Answer","text":"Yes. Adobe operates exclusively in Costa Rica. Its offices are staffed by local residents who understand the environment and community needs.","inLanguage":"en-US"},"inLanguage":"en-US"},{"@type":"Question","@id":"https:\/\/www.adobecar.com\/en\/corporate-social-responsibility\/sustainable-travel-in-costa-rica\/#faq-question-1773815818712","position":13,"url":"https:\/\/www.adobecar.com\/en\/corporate-social-responsibility\/sustainable-travel-in-costa-rica\/#faq-question-1773815818712","name":"How does Adobe support local communities?","answerCount":1,"acceptedAnswer":{"@type":"Answer","text":"Adobe offices support local initiatives such as recycling campaigns, community clean-ups, indigenous projects, women-led organizations, and social aid programs.","inLanguage":"en-US"},"inLanguage":"en-US"},{"@type":"Question","@id":"https:\/\/www.adobecar.com\/en\/corporate-social-responsibility\/sustainable-travel-in-costa-rica\/#faq-question-1773815825195","position":14,"url":"https:\/\/www.adobecar.com\/en\/corporate-social-responsibility\/sustainable-travel-in-costa-rica\/#faq-question-1773815825195","name":"Does Adobe help during natural disasters?","answerCount":1,"acceptedAnswer":{"@type":"Answer","text":"Yes. When natural disasters occur, Adobe mobilizes resources to help affected communities. This includes transportation of supplies and local support.","inLanguage":"en-US"},"inLanguage":"en-US"},{"@type":"Question","@id":"https:\/\/www.adobecar.com\/en\/corporate-social-responsibility\/sustainable-travel-in-costa-rica\/#faq-question-1773815836122","position":15,"url":"https:\/\/www.adobecar.com\/en\/corporate-social-responsibility\/sustainable-travel-in-costa-rica\/#faq-question-1773815836122","name":"What role do customers play in sustainability?","answerCount":1,"acceptedAnswer":{"@type":"Answer","text":"When travelers choose eco tourism Costa Rica car rental options, they help fund sustainability initiatives and support responsible tourism.","inLanguage":"en-US"},"inLanguage":"en-US"},{"@type":"Question","@id":"https:\/\/www.adobecar.com\/en\/corporate-social-responsibility\/sustainable-travel-in-costa-rica\/#faq-question-1773815846998","position":16,"url":"https:\/\/www.adobecar.com\/en\/corporate-social-responsibility\/sustainable-travel-in-costa-rica\/#faq-question-1773815846998","name":"Is choosing a sustainable car rental more expensive?","answerCount":1,"acceptedAnswer":{"@type":"Answer","text":"Not necessarily. Sustainable practices focus on long-term impact, efficiency, and responsibility. The value comes from supporting conservation and local economies.","inLanguage":"en-US"},"inLanguage":"en-US"},{"@type":"Question","@id":"https:\/\/www.adobecar.com\/en\/corporate-social-responsibility\/sustainable-travel-in-costa-rica\/#faq-question-1773815858260","position":17,"url":"https:\/\/www.adobecar.com\/en\/corporate-social-responsibility\/sustainable-travel-in-costa-rica\/#faq-question-1773815858260","name":"Why do eco conscious travelers prefer local rental companies?","answerCount":1,"acceptedAnswer":{"@type":"Answer","text":"Eco conscious travelers prefer local companies because their spending stays in the country and supports real environmental and social projects.","inLanguage":"en-US"},"inLanguage":"en-US"},{"@type":"Question","@id":"https:\/\/www.adobecar.com\/en\/corporate-social-responsibility\/sustainable-travel-in-costa-rica\/#faq-question-1773815879658","position":18,"url":"https:\/\/www.adobecar.com\/en\/corporate-social-responsibility\/sustainable-travel-in-costa-rica\/#faq-question-1773815879658","name":"Does Adobe support wildlife conservation?","answerCount":1,"acceptedAnswer":{"@type":"Answer","text":"Yes. Adobe supports wildlife conservation projects, including organizations dedicated to protecting native species such as sloths.","inLanguage":"en-US"},"inLanguage":"en-US"},{"@type":"Question","@id":"https:\/\/www.adobecar.com\/en\/corporate-social-responsibility\/sustainable-travel-in-costa-rica\/#faq-question-1773815887038","position":19,"url":"https:\/\/www.adobecar.com\/en\/corporate-social-responsibility\/sustainable-travel-in-costa-rica\/#faq-question-1773815887038","name":"Why are sloths important in Costa Rica?","answerCount":1,"acceptedAnswer":{"@type":"Answer","text":"Sloths are part of Costa Rica\u2019s biodiversity and natural heritage. Protecting them helps preserve ecosystems and promotes responsible tourism.","inLanguage":"en-US"},"inLanguage":"en-US"},{"@type":"Question","@id":"https:\/\/www.adobecar.com\/en\/corporate-social-responsibility\/sustainable-travel-in-costa-rica\/#faq-question-1773815898033","position":20,"url":"https:\/\/www.adobecar.com\/en\/corporate-social-responsibility\/sustainable-travel-in-costa-rica\/#faq-question-1773815898033","name":"How does Adobe combine business and sustainability?","answerCount":1,"acceptedAnswer":{"@type":"Answer","text":"Adobe integrates sustainability into daily operations, employee initiatives, and long-term environmental strategies.","inLanguage":"en-US"},"inLanguage":"en-US"},{"@type":"Question","@id":"https:\/\/www.adobecar.com\/en\/corporate-social-responsibility\/sustainable-travel-in-costa-rica\/#faq-question-1773815906126","position":21,"url":"https:\/\/www.adobecar.com\/en\/corporate-social-responsibility\/sustainable-travel-in-costa-rica\/#faq-question-1773815906126","name":"Can renting a car still be eco friendly?","answerCount":1,"acceptedAnswer":{"@type":"Answer","text":"Yes. Renting a car can be eco friendly when done with a company that prioritizes sustainability, carbon neutrality, and conservation efforts.","inLanguage":"en-US"},"inLanguage":"en-US"},{"@type":"Question","@id":"https:\/\/www.adobecar.com\/en\/corporate-social-responsibility\/sustainable-travel-in-costa-rica\/#faq-question-1773815912480","position":22,"url":"https:\/\/www.adobecar.com\/en\/corporate-social-responsibility\/sustainable-travel-in-costa-rica\/#faq-question-1773815912480","name":"What makes Adobe one of the best car rental for eco tourism in Costa Rica?","answerCount":1,"acceptedAnswer":{"@type":"Answer","text":"Adobe combines local operations, eco certification, carbon neutral travel Costa Rica practices, and active community involvement.","inLanguage":"en-US"},"inLanguage":"en-US"},{"@type":"Question","@id":"https:\/\/www.adobecar.com\/en\/corporate-social-responsibility\/sustainable-travel-in-costa-rica\/#faq-question-1773815919821","position":23,"url":"https:\/\/www.adobecar.com\/en\/corporate-social-responsibility\/sustainable-travel-in-costa-rica\/#faq-question-1773815919821","name":"How does sustainable car rental create positive impact?","answerCount":1,"acceptedAnswer":{"@type":"Answer","text":"It supports reforestation projects, reduces emissions, strengthens local economies, and protects natural resources.","inLanguage":"en-US"},"inLanguage":"en-US"},{"@type":"Question","@id":"https:\/\/www.adobecar.com\/en\/corporate-social-responsibility\/sustainable-travel-in-costa-rica\/#faq-question-1773815925803","position":24,"url":"https:\/\/www.adobecar.com\/en\/corporate-social-responsibility\/sustainable-travel-in-costa-rica\/#faq-question-1773815925803","name":"Is sustainable travel important for national parks?","answerCount":1,"acceptedAnswer":{"@type":"Answer","text":"Yes. National parks depend on responsible tourism to fund conservation and protect Costa Rica\u2019s lush rainforests and wildlife.","inLanguage":"en-US"},"inLanguage":"en-US"},{"@type":"Question","@id":"https:\/\/www.adobecar.com\/en\/corporate-social-responsibility\/sustainable-travel-in-costa-rica\/#faq-question-1773815932048","position":25,"url":"https:\/\/www.adobecar.com\/en\/corporate-social-responsibility\/sustainable-travel-in-costa-rica\/#faq-question-1773815932048","name":"How can travelers make responsible choices when renting a car?","answerCount":1,"acceptedAnswer":{"@type":"Answer","text":"By choosing an eco certified car rental Costa Rica company that supports sustainability initiatives and local communities.","inLanguage":"en-US"},"inLanguage":"en-US"},{"@type":"Question","@id":"https:\/\/www.adobecar.com\/en\/corporate-social-responsibility\/sustainable-travel-in-costa-rica\/#faq-question-1773815942923","position":26,"url":"https:\/\/www.adobecar.com\/en\/corporate-social-responsibility\/sustainable-travel-in-costa-rica\/#faq-question-1773815942923","name":"Does Adobe support science based targets?","answerCount":1,"acceptedAnswer":{"@type":"Answer","text":"Adobe aligns its sustainability goals with measurable environmental targets to ensure continuous improvement.","inLanguage":"en-US"},"inLanguage":"en-US"},{"@type":"Question","@id":"https:\/\/www.adobecar.com\/en\/corporate-social-responsibility\/sustainable-travel-in-costa-rica\/#faq-question-1773815948576","position":27,"url":"https:\/\/www.adobecar.com\/en\/corporate-social-responsibility\/sustainable-travel-in-costa-rica\/#faq-question-1773815948576","name":"Why is commitment to sustainability important in tourism?","answerCount":1,"acceptedAnswer":{"@type":"Answer","text":"Commitment to sustainability ensures that tourism benefits future generations while protecting Costa Rica\u2019s natural beauty.","inLanguage":"en-US"},"inLanguage":"en-US"}]}},"_links":{"self":[{"href":"https:\/\/www.adobecar.com\/en\/wp-json\/wp\/v2\/posts\/46248","targetHints":{"allow":["GET"]}}],"collection":[{"href":"https:\/\/www.adobecar.com\/en\/wp-json\/wp\/v2\/posts"}],"about":[{"href":"https:\/\/www.adobecar.com\/en\/wp-json\/wp\/v2\/types\/post"}],"author":[{"embeddable":true,"href":"https:\/\/www.adobecar.com\/en\/wp-json\/wp\/v2\/users\/14"}],"replies":[{"embeddable":true,"href":"https:\/\/www.adobecar.com\/en\/wp-json\/wp\/v2\/comments?post=46248"}],"version-history":[{"count":1,"href":"https:\/\/www.adobecar.com\/en\/wp-json\/wp\/v2\/posts\/46248\/revisions"}],"predecessor-version":[{"id":46882,"href":"https:\/\/www.adobecar.com\/en\/wp-json\/wp\/v2\/posts\/46248\/revisions\/46882"}],"wp:featuredmedia":[{"embeddable":true,"href":"https:\/\/www.adobecar.com\/en\/wp-json\/wp\/v2\/media\/46249"}],"wp:attachment":[{"href":"https:\/\/www.adobecar.com\/en\/wp-json\/wp\/v2\/media?parent=46248"}],"wp:term":[{"taxonomy":"category","embeddable":true,"href":"https:\/\/www.adobecar.com\/en\/wp-json\/wp\/v2\/categories?post=46248"},{"taxonomy":"post_tag","embeddable":true,"href":"https:\/\/www.adobecar.com\/en\/wp-json\/wp\/v2\/tags?post=46248"}],"curies":[{"name":"wp","href":"https:\/\/api.w.org\/{rel}","templated":true}]}}