{"id":12029,"date":"2019-09-07T17:49:26","date_gmt":"2019-09-07T23:49:26","guid":{"rendered":"https:\/\/www.adobecar.com\/?p=9881"},"modified":"2024-07-02T16:38:53","modified_gmt":"2024-07-02T22:38:53","slug":"costa-rica-rainy-season","status":"publish","type":"post","link":"https:\/\/www.adobecar.com\/en\/travel-costa-rica\/costa-rica-rainy-season\/","title":{"rendered":"Get to Know the Costa Rica Rainy Season with Adobe"},"content":{"rendered":"<p><span style=\"font-weight: 400;\">Costa Rica is a land of variations. Its variations in altitude, variations in topography, and variations in climate make the little country a hugely fascinating place to visit. Despite being only about the size of West Virginia, its 19,700 sq. miles (51,100 sq. km) is bordered by two major world oceans, the Pacific and the Atlantic, and is home to five towering mountain ranges.<\/span><\/p>\n<p><span style=\"font-weight: 400;\">With so much variation in geography, it\u2019s sometimes surprising to learn that the weather in Costa Rica is dominated by only two seasons. The rainy season and the dry season. What\u2019s equally surprising is that despite the country\u2019s positioning north of the equator, local Costa Ricans (commonly known as<\/span><i><span style=\"font-weight: 400;\"> Ticos<\/span><\/i><span style=\"font-weight: 400;\">)<\/span> <span style=\"font-weight: 400;\">consider their summer and winter to be the opposite months as their northern neighbors in the U.S., Canada, and Europe.\u00a0<\/span><\/p>\n<p>&nbsp;<\/p>\n<h2><strong>When is the Rainy Season in Costa Rica?<\/strong><\/h2>\n<p><i><span style=\"font-weight: 400;\">Why is this?<\/span><\/i><span style=\"font-weight: 400;\"> you might ask. For the most part, It\u2019s because Costa Rica\u2019s rainy season coincides with the northern hemisphere\u2019s warmer months. Between May and mid-November. The term \u201crainy season\u201d is also used interchangeably with \u201cgreen season\u201d because of the prevalence of lush tropical foliage covering the country as a result of the rains.\u00a0<\/span><\/p>\n<p><span style=\"font-weight: 400;\">Weather patterns originating over both oceans also affect Costa Rica\u2019s seasons. One of the best examples is the Caribbean Coast. When the rainy season is at its wettest over the Pacific Coast and central mountain ranges, the Atlantic Coast is relatively dry. This is because water laden Pacific Tradewinds blowing eastward are blocked by the central mountains leaving the Caribbean side mostly unaffected.<\/span><\/p>\n<p><span style=\"font-weight: 400;\">The country is also packed with microclimates due to the geographical variations mentioned earlier. These small pockets of unique weather systems are sprinkled across the national territory and make enjoying Costa Rica any time of the year possible.\u00a0<\/span><\/p>\n<p>&nbsp;<\/p>\n<h2><strong>When is the Dry Season in Costa Rica?<\/strong><\/h2>\n<p><span style=\"font-weight: 400;\">The dry season runs from December to April for most of the country. It is also considered the peak tourism season &#8211; aptly referred to as the \u201chigh season.\u201d This is because it coincides with the north\u2019s winter months when vacationers wish to escape the cold.<\/span><\/p>\n<p><span style=\"font-weight: 400;\">For many international travelers, Costa Rica\u2019s dry season, or <\/span><i><span style=\"font-weight: 400;\">Summer, <\/span><\/i><span style=\"font-weight: 400;\">is a great time to visit because of the diminished rains and the plethora of activities to choose from. Nonetheless, don\u2019t forget that Costa Rica is a tropical country, which means that rain is always a possibility.<\/span><\/p>\n<p><span style=\"font-weight: 400;\">The Pacific Coast, and Puntarenas, Guanacaste, and San Jos\u00e9 provinces are the driest regions during this period. Popular beach destinations like Dominical, Manuel Antonio, Jac\u00f3, Tamarindo, Mal Pa\u00eds, Nosara, and numerous others are found in these areas.\u00a0<\/span><\/p>\n<p><span style=\"font-weight: 400;\">Other coveted dry season destinations include the Monteverde Cloud Forest Reserve, Arenal Volcano and other volcanoes, the Osa Peninsula, and dozens of national parks and reserves.\u00a0<\/span><\/p>\n<p>&nbsp;<\/p>\n<h2><strong>When are the best times to visit Costa Rica?<\/strong><\/h2>\n<p><span style=\"font-weight: 400;\">Before booking their vacation, many people wonder<\/span><i><span style=\"font-weight: 400;\"> just how bad is the rainy season in Costa Rica?<\/span><\/i><span style=\"font-weight: 400;\"> Actually, the seasonal precipitations build slowly as the rainy months progress. September and October are the wettest months overall. Except for along the Caribbean Coast where the weather is at its best during these two months.<\/span><\/p>\n<p><span style=\"font-weight: 400;\">St. John\u2019s Little Summer (el Veranillo de San Juan), known technically as the El Nino Southern Oscillation, is an oceanic weather phenomenon that results in a decrease in rainfall along the northern Pacific Coast and Guanacaste Province. This happens for a couple of weeks around late July and early August. This <\/span><i><span style=\"font-weight: 400;\">Veranillo <\/span><\/i><span style=\"font-weight: 400;\">period is a great time to visit because the world-famous beaches are drier, the vegetation is green and lush, and the prolific wildlife is thriving.<\/span><\/p>\n<p><span style=\"font-weight: 400;\">For more detailed information on Costa Rica\u2019s weather, see our article:<\/span><a href=\"https:\/\/www.adobecar.com\/en\/travel-costa-rica\/costa-rica-weather\/\" target=\"_blank\" rel=\"noopener noreferrer\"> <b>How\u2019s the Climate in Paradise? \u2013 Understanding Costa Rica\u2019s Weather<\/b><\/a><\/p>\n<p>&nbsp;<\/p>\n<h2><strong>Renting a car in the rainy season<\/strong><\/h2>\n<p><span style=\"font-weight: 400;\">When renting a car for your Costa Rica vacation, it\u2019s essential to consider two main factors: 1.) Where will you be going; and 2.) During what season? If you plan on staying in the capital or only visiting popular destinations like Jaco or Tamarindo beaches, then a regular 2WD sedan should be fine for getting around.<\/span><\/p>\n<p><span style=\"font-weight: 400;\">On the other hand, if you plan on exploring more remote destinations, then a 4WD vehicle is a must. Heavy rains can cause flooding, washouts, ruts, and potholes. All of which are best navigated with a 4X4 car. The added lift and traction will come in handy.\u00a0\u00a0\u00a0<\/span><\/p>\n<p><span style=\"font-weight: 400;\">Ask your Adobe Rent a Car agent what\u2019s the best rainy season rental car for your group. He or she will also give you tips on Costa Rica travel rainy season. At Adobe, we have the<\/span><a href=\"https:\/\/www.adobecar.com\/en\/fleet\/\" target=\"_blank\" rel=\"noopener noreferrer\"> <span style=\"font-weight: 400;\">largest fleet of rental vehicles<\/span><\/a><span style=\"font-weight: 400;\"> in Costa Rica. And each car is either new, nearly new, or less than two years old.\u00a0<\/span><\/p>\n<p><span style=\"font-weight: 400;\">Depending on the size of your group and the level of luxury you\u2019re looking for, you\u2019ll have a large variety of 4WDs and SUVs to choose from. Your options range from the compact-size 2-passenger Suzuki Jimny to mid-size options like the Hyundai Tucson or full-size powerhouses like the Ford Explorer or similar.\u00a0<\/span><\/p>\n<p>&nbsp;<\/p>\n<h2><strong>When is the rainy season in Costa Rica\u2019s Liberia Airport?<\/strong><\/h2>\n<p><span style=\"font-weight: 400;\">It doesn\u2019t matter if you fly into the Daniel Oduber International Airport in Liberia or the Juan Santamaria International Airport in Alajuela because the rainy and dry seasons coincide at both.\u00a0<\/span><\/p>\n<p><span style=\"font-weight: 400;\">The rainy season, Costa Rica, Guanacaste, however, tends to be drier overall. In fact, during the height of the dry season, the Guanacaste grasslands and dry tropical forests will become brown and parched. The same goes during the rainy season as Guanacaste Province receives less average annual rainfall than the rest of the <\/span><span style=\"font-weight: 400;\">country<\/span><span style=\"font-weight: 400;\">.<\/span><\/p>\n<p>&nbsp;<\/p>\n<h2><strong>Is it a good idea to visit Costa Rica in the rainy season?\u00a0<\/strong><\/h2>\n<p><span style=\"font-weight: 400;\">It\u2019s a well-known fact that Costa Rica\u2019s wetter months often coincide with less-expensive lodging, more room availabilities, and fewer crowds overall. Making the rainy season an attractive option for those hoping to stretch their vacation budget.\u00a0<\/span><\/p>\n<p><span style=\"font-weight: 400;\">The rainy season is also a great time for family vacations &#8211; and for numerous reasons. Firstly, June, July, and August generally coincide with school vacations. Secondly, there is usually less crowding and more availability of popular tours and hotels. And lastly, warm sunny mornings followed by cooling afternoon showers means the heat won\u2019t be too overbearing during the evening hours.<\/span><\/p>\n<p><span style=\"font-weight: 400;\">Some locations should be avoided during the height of the rainy season because of flooding, washouts, and downpours that can last for days on end. These areas include the Osa Peninsula and the southern zone where precipitation levels are the highest.<\/span><\/p>\n<p>&nbsp;<\/p>\n<h2><strong>Adobe Rent a Car\u2019s policy for rainy season driving<\/strong><\/h2>\n<p><span style=\"font-weight: 400;\">Keep in mind that rental car insurance coverage is rendered obsolete when driving under certain conditions. These include off-roading (non-official roads), river crossings (even if the street you\u2019re on is blocked suddenly by a swollen river) and driving on the beach.\u00a0\u00a0<\/span><\/p>\n<p><span style=\"font-weight: 400;\">Play it safe and avoid difficult or dangerous road conditions whenever possible. For more information on our Adobe insurance packages, see the following article:<\/span><a href=\"https:\/\/www.adobecar.com\/en\/insurances\/adobe-rent-a-car-insurance-coverage\/\" target=\"_blank\" rel=\"noopener noreferrer\"> <b>Adobe Rent a Car insurance coverage<\/b><\/a><span style=\"font-weight: 400;\">\u00a0<\/span><\/p>\n<p>&nbsp;<\/p>\n<h2><strong>Packing for Costa Rica\u2019s Rainy Season<\/strong><\/h2>\n<p><span style=\"font-weight: 400;\">No matter when you plan on visiting Costa Rica, it\u2019s best to come prepared for all kinds of weather. This means anticipating both sun and rain, heat and cold. Bring layers so that you can adjust your attire to accommodate every scenario. And don\u2019t forget your sunblock and insect repellent. More rain also usually means more creepy crawlies. And, hot sunny mornings mean you\u2019ll be exposed to powerful equatorial rays that can result in a nasty sunburn if you\u2019re not careful.<\/span><\/p>\n<p><span style=\"font-weight: 400;\">As a rule of thumb, it\u2019s best to pack extra clothes and extra pairs of sturdy walking shoes during the rainy season. A good waterproof jacket and extra dry socks will be welcome during more severe weather conditions as well. For more information, see our<\/span><a href=\"https:\/\/www.adobecar.com\/en\/travel-costa-rica\/what-to-pack-for-costa-rica\/\" target=\"_blank\" rel=\"noopener noreferrer\"> <b>Top 15 Essentials to Pack for your Costa Rica Vacation<\/b><\/a> <span style=\"font-weight: 400;\">article. <\/span><\/p>\n","protected":false},"excerpt":{"rendered":"<p>Costa Rica is a land of variations. Its variations in altitude, variations in topography, and variations in climate make the little country a hugely fascinating place to visit. Despite being only about the size of West Virginia, its 19,700 sq. miles (51,100 sq. km) is bordered by two major world&#8230;<\/p>\n","protected":false},"author":14,"featured_media":12142,"comment_status":"closed","ping_status":"closed","sticky":false,"template":"","format":"standard","meta":{"_acf_changed":false,"_kad_post_transparent":"","_kad_post_title":"","_kad_post_layout":"","_kad_post_sidebar_id":"","_kad_post_content_style":"","_kad_post_vertical_padding":"","_kad_post_feature":"","_kad_post_feature_position":"","_kad_post_header":false,"_kad_post_footer":false,"_kad_post_classname":"","footnotes":""},"categories":[1396],"tags":[],"class_list":["post-12029","post","type-post","status-publish","format-standard","has-post-thumbnail","hentry","category-travel-costa-rica"],"acf":[],"yoast_head":"<!-- This site is optimized with the Yoast SEO Premium plugin v26.9 (Yoast SEO v26.9) - https:\/\/yoast.com\/product\/yoast-seo-premium-wordpress\/ -->\n<title>Get to Know the Costa Rica Rainy Season with Adobe Rent a Car<\/title>\n<meta name=\"description\" content=\"When is the Rainy Season in Costa Rica? For the most part, It\u2019s because Costa Rica\u2019s rainy season coincides with the northern hemisphere\u2019s warmer months.\" \/>\n<meta name=\"robots\" content=\"index, follow, max-snippet:-1, max-image-preview:large, max-video-preview:-1\" \/>\n<link rel=\"canonical\" href=\"https:\/\/www.adobecar.com\/en\/travel-costa-rica\/costa-rica-rainy-season\/\" \/>\n<meta property=\"og:locale\" content=\"en_US\" \/>\n<meta property=\"og:type\" content=\"article\" \/>\n<meta property=\"og:title\" content=\"Get to Know the Costa Rica Rainy Season with Adobe - Adobe Rent a Car\" \/>\n<meta property=\"og:description\" content=\"\u27a1\ufe0f - Adobe Rent a Car - Get to Know the Costa Rica Rainy Season with Adobe\" \/>\n<meta property=\"og:url\" content=\"https:\/\/www.adobecar.com\/en\/travel-costa-rica\/costa-rica-rainy-season\/\" \/>\n<meta property=\"og:site_name\" content=\"Adobe Rent a Car\" \/>\n<meta property=\"article:publisher\" content=\"https:\/\/www.facebook.com\/adobecar\" \/>\n<meta property=\"article:author\" content=\"https:\/\/www.facebook.com\/adobecar\" \/>\n<meta property=\"article:published_time\" content=\"2019-09-07T23:49:26+00:00\" \/>\n<meta property=\"article:modified_time\" content=\"2024-07-02T22:38:53+00:00\" \/>\n<meta property=\"og:image\" content=\"https:\/\/www.adobecar.com\/wp-content\/uploads\/2019\/09\/rainy-season.jpg\" \/>\n\t<meta property=\"og:image:width\" content=\"1110\" \/>\n\t<meta property=\"og:image:height\" content=\"550\" \/>\n\t<meta property=\"og:image:type\" content=\"image\/jpeg\" \/>\n<meta name=\"author\" content=\"Equipo Editorial Adobe\" \/>\n<meta name=\"twitter:card\" content=\"summary_large_image\" \/>\n<meta name=\"twitter:creator\" content=\"@adoberentacar\" \/>\n<meta name=\"twitter:site\" content=\"@adoberentacar\" \/>\n<script type=\"application\/ld+json\" class=\"yoast-schema-graph\">{\"@context\":\"https:\/\/schema.org\",\"@graph\":[{\"@type\":\"Article\",\"@id\":\"https:\/\/www.adobecar.com\/en\/travel-costa-rica\/costa-rica-rainy-season\/#article\",\"isPartOf\":{\"@id\":\"https:\/\/www.adobecar.com\/en\/travel-costa-rica\/costa-rica-rainy-season\/\"},\"author\":{\"name\":\"Equipo Editorial Adobe\",\"@id\":\"https:\/\/www.adobecar.com\/en\/#\/schema\/person\/4db1275e4083aaa8ee357523f0d8b5a4\"},\"headline\":\"Get to Know the Costa Rica Rainy Season with Adobe\",\"datePublished\":\"2019-09-07T23:49:26+00:00\",\"dateModified\":\"2024-07-02T22:38:53+00:00\",\"mainEntityOfPage\":{\"@id\":\"https:\/\/www.adobecar.com\/en\/travel-costa-rica\/costa-rica-rainy-season\/\"},\"wordCount\":1356,\"publisher\":{\"@id\":\"https:\/\/www.adobecar.com\/en\/#organization\"},\"image\":{\"@id\":\"https:\/\/www.adobecar.com\/en\/travel-costa-rica\/costa-rica-rainy-season\/#primaryimage\"},\"thumbnailUrl\":\"https:\/\/www.adobecar.com\/wp-content\/uploads\/2019\/09\/rainy-season.jpg\",\"articleSection\":[\"Travel Costa Rica\"],\"inLanguage\":\"en-US\"},{\"@type\":\"WebPage\",\"@id\":\"https:\/\/www.adobecar.com\/en\/travel-costa-rica\/costa-rica-rainy-season\/\",\"url\":\"https:\/\/www.adobecar.com\/en\/travel-costa-rica\/costa-rica-rainy-season\/\",\"name\":\"Get to Know the Costa Rica Rainy Season with Adobe Rent a Car\",\"isPartOf\":{\"@id\":\"https:\/\/www.adobecar.com\/en\/#website\"},\"primaryImageOfPage\":{\"@id\":\"https:\/\/www.adobecar.com\/en\/travel-costa-rica\/costa-rica-rainy-season\/#primaryimage\"},\"image\":{\"@id\":\"https:\/\/www.adobecar.com\/en\/travel-costa-rica\/costa-rica-rainy-season\/#primaryimage\"},\"thumbnailUrl\":\"https:\/\/www.adobecar.com\/wp-content\/uploads\/2019\/09\/rainy-season.jpg\",\"datePublished\":\"2019-09-07T23:49:26+00:00\",\"dateModified\":\"2024-07-02T22:38:53+00:00\",\"description\":\"When is the Rainy Season in Costa Rica? For the most part, It\u2019s because Costa Rica\u2019s rainy season coincides with the northern hemisphere\u2019s warmer months.\",\"breadcrumb\":{\"@id\":\"https:\/\/www.adobecar.com\/en\/travel-costa-rica\/costa-rica-rainy-season\/#breadcrumb\"},\"inLanguage\":\"en-US\",\"potentialAction\":[{\"@type\":\"ReadAction\",\"target\":[\"https:\/\/www.adobecar.com\/en\/travel-costa-rica\/costa-rica-rainy-season\/\"]}]},{\"@type\":\"ImageObject\",\"inLanguage\":\"en-US\",\"@id\":\"https:\/\/www.adobecar.com\/en\/travel-costa-rica\/costa-rica-rainy-season\/#primaryimage\",\"url\":\"https:\/\/www.adobecar.com\/wp-content\/uploads\/2019\/09\/rainy-season.jpg\",\"contentUrl\":\"https:\/\/www.adobecar.com\/wp-content\/uploads\/2019\/09\/rainy-season.jpg\",\"width\":1110,\"height\":550,\"caption\":\"rainy-season\"},{\"@type\":\"BreadcrumbList\",\"@id\":\"https:\/\/www.adobecar.com\/en\/travel-costa-rica\/costa-rica-rainy-season\/#breadcrumb\",\"itemListElement\":[{\"@type\":\"ListItem\",\"position\":1,\"name\":\"Car Rental\",\"item\":\"https:\/\/www.adobecar.com\/en\/\"},{\"@type\":\"ListItem\",\"position\":2,\"name\":\"Travel Costa Rica\",\"item\":\"https:\/\/www.adobecar.com\/en\/category\/travel-costa-rica\/\"},{\"@type\":\"ListItem\",\"position\":3,\"name\":\"Get to Know the Costa Rica Rainy Season with Adobe\"}]},{\"@type\":\"WebSite\",\"@id\":\"https:\/\/www.adobecar.com\/en\/#website\",\"url\":\"https:\/\/www.adobecar.com\/en\/\",\"name\":\"Adobe Rent a Car\",\"description\":\"The largest local car rental company in Costa Rica with best value, since 1990. The company focuses in delivering a complete service at a reasonable price, with no hidden fees and total protection, zero deductible insurance available. Rent a Car with Us!\",\"publisher\":{\"@id\":\"https:\/\/www.adobecar.com\/en\/#organization\"},\"alternateName\":\"ARC Car Rental\",\"potentialAction\":[{\"@type\":\"SearchAction\",\"target\":{\"@type\":\"EntryPoint\",\"urlTemplate\":\"https:\/\/www.adobecar.com\/en\/?s={search_term_string}\"},\"query-input\":{\"@type\":\"PropertyValueSpecification\",\"valueRequired\":true,\"valueName\":\"search_term_string\"}}],\"inLanguage\":\"en-US\"},{\"@type\":[\"Organization\",\"Place\"],\"@id\":\"https:\/\/www.adobecar.com\/en\/#organization\",\"name\":\"Adobe Rent a Car\",\"url\":\"https:\/\/www.adobecar.com\/en\/\",\"logo\":{\"@type\":\"ImageObject\",\"inLanguage\":\"en-US\",\"@id\":\"https:\/\/www.adobecar.com\/en\/#\/schema\/logo\/image\/\",\"url\":\"https:\/\/www.adobecar.com\/wp-content\/uploads\/2020\/05\/logo-ARC.png\",\"contentUrl\":\"https:\/\/www.adobecar.com\/wp-content\/uploads\/2020\/05\/logo-ARC.png\",\"width\":170,\"height\":78,\"caption\":\"Adobe Rent a Car\"},\"image\":{\"@id\":\"https:\/\/www.adobecar.com\/en\/#\/schema\/logo\/image\/\"},\"sameAs\":[\"https:\/\/www.facebook.com\/adobecar\",\"https:\/\/x.com\/adoberentacar\",\"https:\/\/www.instagram.com\/adoberentacar\/\",\"https:\/\/www.linkedin.com\/company\/adobe-rent-a-car\",\"https:\/\/www.youtube.com\/channel\/UCPJfc3n7wu_7aR8H_nd6VJQ\"],\"mainEntityOfPage\":{\"@id\":\"https:\/\/www.adobecar.com\/en\/travel-costa-rica\/costa-rica-rainy-season\/\"}},{\"@type\":\"Person\",\"@id\":\"https:\/\/www.adobecar.com\/en\/#\/schema\/person\/4db1275e4083aaa8ee357523f0d8b5a4\",\"name\":\"Equipo Editorial Adobe\",\"image\":{\"@type\":\"ImageObject\",\"inLanguage\":\"en-US\",\"@id\":\"https:\/\/www.adobecar.com\/en\/#\/schema\/person\/image\/\",\"url\":\"https:\/\/secure.gravatar.com\/avatar\/5f58fc193c23f901004971e2f354a0d88fd566ef0dc5736012860ca57e89c678?s=96&d=mm&r=g\",\"contentUrl\":\"https:\/\/secure.gravatar.com\/avatar\/5f58fc193c23f901004971e2f354a0d88fd566ef0dc5736012860ca57e89c678?s=96&d=mm&r=g\",\"caption\":\"Equipo Editorial Adobe\"},\"description\":\"El equipo editorial de Adobe Rent a Car est\u00e1 compuesto por m\u00e1s de seis expertos, incluyendo periodistas con m\u00e1s de 14 a\u00f1os en medios de comunicaci\u00f3n, especialistas en SEO, gestores de redes sociales y estrategas de contenido. Adem\u00e1s, contamos con profesionales en Administraci\u00f3n de Proyectos y Marketing Digital con m\u00e1s de 25 a\u00f1os de experiencia en sectores como Banca, Renting, Automotriz, Tecnolog\u00eda y Seguros. Este equipo talentoso y diverso, reconocido con premios internacionales, se enfoca en brindar informaci\u00f3n precisa y relevante, asegurando la mejor experiencia posible para nuestros usuarios.\",\"sameAs\":[\"https:\/\/www.adobecar.com\/\",\"https:\/\/www.facebook.com\/adobecar\",\"https:\/\/www.instagram.com\/adoberentacar\/\",\"https:\/\/www.linkedin.com\/company\/adobe-rent-a-car\",\"https:\/\/x.com\/adoberentacar\",\"https:\/\/www.youtube.com\/channel\/UCPJfc3n7wu_7aR8H_nd6VJQ\"],\"url\":\"https:\/\/www.adobecar.com\/en\/author\/adoberentacar\/\"}]}<\/script>\n<!-- \/ Yoast SEO Premium plugin. -->","yoast_head_json":{"title":"Get to Know the Costa Rica Rainy Season with Adobe Rent a Car","description":"When is the Rainy Season in Costa Rica? For the most part, It\u2019s because Costa Rica\u2019s rainy season coincides with the northern hemisphere\u2019s warmer months.","robots":{"index":"index","follow":"follow","max-snippet":"max-snippet:-1","max-image-preview":"max-image-preview:large","max-video-preview":"max-video-preview:-1"},"canonical":"https:\/\/www.adobecar.com\/en\/travel-costa-rica\/costa-rica-rainy-season\/","og_locale":"en_US","og_type":"article","og_title":"Get to Know the Costa Rica Rainy Season with Adobe - Adobe Rent a Car","og_description":"\u27a1\ufe0f - Adobe Rent a Car - Get to Know the Costa Rica Rainy Season with Adobe","og_url":"https:\/\/www.adobecar.com\/en\/travel-costa-rica\/costa-rica-rainy-season\/","og_site_name":"Adobe Rent a Car","article_publisher":"https:\/\/www.facebook.com\/adobecar","article_author":"https:\/\/www.facebook.com\/adobecar","article_published_time":"2019-09-07T23:49:26+00:00","article_modified_time":"2024-07-02T22:38:53+00:00","og_image":[{"width":1110,"height":550,"url":"https:\/\/www.adobecar.com\/wp-content\/uploads\/2019\/09\/rainy-season.jpg","type":"image\/jpeg"}],"author":"Equipo Editorial Adobe","twitter_card":"summary_large_image","twitter_creator":"@adoberentacar","twitter_site":"@adoberentacar","schema":{"@context":"https:\/\/schema.org","@graph":[{"@type":"Article","@id":"https:\/\/www.adobecar.com\/en\/travel-costa-rica\/costa-rica-rainy-season\/#article","isPartOf":{"@id":"https:\/\/www.adobecar.com\/en\/travel-costa-rica\/costa-rica-rainy-season\/"},"author":{"name":"Equipo Editorial Adobe","@id":"https:\/\/www.adobecar.com\/en\/#\/schema\/person\/4db1275e4083aaa8ee357523f0d8b5a4"},"headline":"Get to Know the Costa Rica Rainy Season with Adobe","datePublished":"2019-09-07T23:49:26+00:00","dateModified":"2024-07-02T22:38:53+00:00","mainEntityOfPage":{"@id":"https:\/\/www.adobecar.com\/en\/travel-costa-rica\/costa-rica-rainy-season\/"},"wordCount":1356,"publisher":{"@id":"https:\/\/www.adobecar.com\/en\/#organization"},"image":{"@id":"https:\/\/www.adobecar.com\/en\/travel-costa-rica\/costa-rica-rainy-season\/#primaryimage"},"thumbnailUrl":"https:\/\/www.adobecar.com\/wp-content\/uploads\/2019\/09\/rainy-season.jpg","articleSection":["Travel Costa Rica"],"inLanguage":"en-US"},{"@type":"WebPage","@id":"https:\/\/www.adobecar.com\/en\/travel-costa-rica\/costa-rica-rainy-season\/","url":"https:\/\/www.adobecar.com\/en\/travel-costa-rica\/costa-rica-rainy-season\/","name":"Get to Know the Costa Rica Rainy Season with Adobe Rent a Car","isPartOf":{"@id":"https:\/\/www.adobecar.com\/en\/#website"},"primaryImageOfPage":{"@id":"https:\/\/www.adobecar.com\/en\/travel-costa-rica\/costa-rica-rainy-season\/#primaryimage"},"image":{"@id":"https:\/\/www.adobecar.com\/en\/travel-costa-rica\/costa-rica-rainy-season\/#primaryimage"},"thumbnailUrl":"https:\/\/www.adobecar.com\/wp-content\/uploads\/2019\/09\/rainy-season.jpg","datePublished":"2019-09-07T23:49:26+00:00","dateModified":"2024-07-02T22:38:53+00:00","description":"When is the Rainy Season in Costa Rica? For the most part, It\u2019s because Costa Rica\u2019s rainy season coincides with the northern hemisphere\u2019s warmer months.","breadcrumb":{"@id":"https:\/\/www.adobecar.com\/en\/travel-costa-rica\/costa-rica-rainy-season\/#breadcrumb"},"inLanguage":"en-US","potentialAction":[{"@type":"ReadAction","target":["https:\/\/www.adobecar.com\/en\/travel-costa-rica\/costa-rica-rainy-season\/"]}]},{"@type":"ImageObject","inLanguage":"en-US","@id":"https:\/\/www.adobecar.com\/en\/travel-costa-rica\/costa-rica-rainy-season\/#primaryimage","url":"https:\/\/www.adobecar.com\/wp-content\/uploads\/2019\/09\/rainy-season.jpg","contentUrl":"https:\/\/www.adobecar.com\/wp-content\/uploads\/2019\/09\/rainy-season.jpg","width":1110,"height":550,"caption":"rainy-season"},{"@type":"BreadcrumbList","@id":"https:\/\/www.adobecar.com\/en\/travel-costa-rica\/costa-rica-rainy-season\/#breadcrumb","itemListElement":[{"@type":"ListItem","position":1,"name":"Car Rental","item":"https:\/\/www.adobecar.com\/en\/"},{"@type":"ListItem","position":2,"name":"Travel Costa Rica","item":"https:\/\/www.adobecar.com\/en\/category\/travel-costa-rica\/"},{"@type":"ListItem","position":3,"name":"Get to Know the Costa Rica Rainy Season with Adobe"}]},{"@type":"WebSite","@id":"https:\/\/www.adobecar.com\/en\/#website","url":"https:\/\/www.adobecar.com\/en\/","name":"Adobe Rent a Car","description":"The largest local car rental company in Costa Rica with best value, since 1990. The company focuses in delivering a complete service at a reasonable price, with no hidden fees and total protection, zero deductible insurance available. Rent a Car with Us!","publisher":{"@id":"https:\/\/www.adobecar.com\/en\/#organization"},"alternateName":"ARC Car Rental","potentialAction":[{"@type":"SearchAction","target":{"@type":"EntryPoint","urlTemplate":"https:\/\/www.adobecar.com\/en\/?s={search_term_string}"},"query-input":{"@type":"PropertyValueSpecification","valueRequired":true,"valueName":"search_term_string"}}],"inLanguage":"en-US"},{"@type":["Organization","Place"],"@id":"https:\/\/www.adobecar.com\/en\/#organization","name":"Adobe Rent a Car","url":"https:\/\/www.adobecar.com\/en\/","logo":{"@type":"ImageObject","inLanguage":"en-US","@id":"https:\/\/www.adobecar.com\/en\/#\/schema\/logo\/image\/","url":"https:\/\/www.adobecar.com\/wp-content\/uploads\/2020\/05\/logo-ARC.png","contentUrl":"https:\/\/www.adobecar.com\/wp-content\/uploads\/2020\/05\/logo-ARC.png","width":170,"height":78,"caption":"Adobe Rent a Car"},"image":{"@id":"https:\/\/www.adobecar.com\/en\/#\/schema\/logo\/image\/"},"sameAs":["https:\/\/www.facebook.com\/adobecar","https:\/\/x.com\/adoberentacar","https:\/\/www.instagram.com\/adoberentacar\/","https:\/\/www.linkedin.com\/company\/adobe-rent-a-car","https:\/\/www.youtube.com\/channel\/UCPJfc3n7wu_7aR8H_nd6VJQ"],"mainEntityOfPage":{"@id":"https:\/\/www.adobecar.com\/en\/travel-costa-rica\/costa-rica-rainy-season\/"}},{"@type":"Person","@id":"https:\/\/www.adobecar.com\/en\/#\/schema\/person\/4db1275e4083aaa8ee357523f0d8b5a4","name":"Equipo Editorial Adobe","image":{"@type":"ImageObject","inLanguage":"en-US","@id":"https:\/\/www.adobecar.com\/en\/#\/schema\/person\/image\/","url":"https:\/\/secure.gravatar.com\/avatar\/5f58fc193c23f901004971e2f354a0d88fd566ef0dc5736012860ca57e89c678?s=96&d=mm&r=g","contentUrl":"https:\/\/secure.gravatar.com\/avatar\/5f58fc193c23f901004971e2f354a0d88fd566ef0dc5736012860ca57e89c678?s=96&d=mm&r=g","caption":"Equipo Editorial Adobe"},"description":"El equipo editorial de Adobe Rent a Car est\u00e1 compuesto por m\u00e1s de seis expertos, incluyendo periodistas con m\u00e1s de 14 a\u00f1os en medios de comunicaci\u00f3n, especialistas en SEO, gestores de redes sociales y estrategas de contenido. Adem\u00e1s, contamos con profesionales en Administraci\u00f3n de Proyectos y Marketing Digital con m\u00e1s de 25 a\u00f1os de experiencia en sectores como Banca, Renting, Automotriz, Tecnolog\u00eda y Seguros. Este equipo talentoso y diverso, reconocido con premios internacionales, se enfoca en brindar informaci\u00f3n precisa y relevante, asegurando la mejor experiencia posible para nuestros usuarios.","sameAs":["https:\/\/www.adobecar.com\/","https:\/\/www.facebook.com\/adobecar","https:\/\/www.instagram.com\/adoberentacar\/","https:\/\/www.linkedin.com\/company\/adobe-rent-a-car","https:\/\/x.com\/adoberentacar","https:\/\/www.youtube.com\/channel\/UCPJfc3n7wu_7aR8H_nd6VJQ"],"url":"https:\/\/www.adobecar.com\/en\/author\/adoberentacar\/"}]}},"_links":{"self":[{"href":"https:\/\/www.adobecar.com\/en\/wp-json\/wp\/v2\/posts\/12029","targetHints":{"allow":["GET"]}}],"collection":[{"href":"https:\/\/www.adobecar.com\/en\/wp-json\/wp\/v2\/posts"}],"about":[{"href":"https:\/\/www.adobecar.com\/en\/wp-json\/wp\/v2\/types\/post"}],"author":[{"embeddable":true,"href":"https:\/\/www.adobecar.com\/en\/wp-json\/wp\/v2\/users\/14"}],"replies":[{"embeddable":true,"href":"https:\/\/www.adobecar.com\/en\/wp-json\/wp\/v2\/comments?post=12029"}],"version-history":[{"count":0,"href":"https:\/\/www.adobecar.com\/en\/wp-json\/wp\/v2\/posts\/12029\/revisions"}],"wp:featuredmedia":[{"embeddable":true,"href":"https:\/\/www.adobecar.com\/en\/wp-json\/wp\/v2\/media\/12142"}],"wp:attachment":[{"href":"https:\/\/www.adobecar.com\/en\/wp-json\/wp\/v2\/media?parent=12029"}],"wp:term":[{"taxonomy":"category","embeddable":true,"href":"https:\/\/www.adobecar.com\/en\/wp-json\/wp\/v2\/categories?post=12029"},{"taxonomy":"post_tag","embeddable":true,"href":"https:\/\/www.adobecar.com\/en\/wp-json\/wp\/v2\/tags?post=12029"}],"curies":[{"name":"wp","href":"https:\/\/api.w.org\/{rel}","templated":true}]}}